{"id":132521,"date":"2025-09-22T20:51:10","date_gmt":"2025-09-22T20:51:10","guid":{"rendered":"https:\/\/www.europesays.com\/es\/132521\/"},"modified":"2025-09-22T20:51:10","modified_gmt":"2025-09-22T20:51:10","slug":"robert-klauss-rechaza-la-oferta-del-c-d-castellon-futbol","status":"publish","type":"post","link":"https:\/\/www.europesays.com\/es\/132521\/","title":{"rendered":"Robert Klauss rechaza la oferta del C.D.Castell\u00f3n | F\u00fatbol"},"content":{"rendered":"<p class=\"loc\">Castell\u00f3<\/p>\n<p>El t\u00e9cnico Robert Klauss ha decidido rechazar la oferta presentada por el C.D. Castell\u00f3n para hacerse cargo del equipo albinegro. Seg\u00fan informaci\u00f3n revelada por el medio austr\u00edaco Sky Sports, y confirmada por Radio Castell\u00f3n, a pesar de mantener negociaciones abiertas con el club castellonense, Klauss ha optado por no aceptar la propuesta.<\/p>\n<p>El inter\u00e9s del Castell\u00f3n en Klauss hab\u00eda generado expectativas, especialmente tras la visita del entrenador a la ciudad la semana pasada, donde se reuni\u00f3 en las instalaciones de la nueva ciudad deportiva del club. Sin embargo, el desenlace de las negociaciones ha dejado a la entidad orellut en la b\u00fasqueda de un nuevo candidato que asuma el mando del equipo en esta temporada.<\/p>\n<p>Ante esta situaci\u00f3n, el C.D.Castell\u00f3n ha de decidir si le da continuidad a Pablo Hern\u00e1ndez o opta por seguir con el casting. Hern\u00e1ndez logr\u00f3 iniciar su andadura en el banquillo con una victoria el pasado fin de semana en Le\u00f3n, lo que podr\u00eda jugar a su favor en las decisiones futuras del club.<\/p>\n","protected":false},"excerpt":{"rendered":"Castell\u00f3 El t\u00e9cnico Robert Klauss ha decidido rechazar la oferta presentada por el C.D. Castell\u00f3n para hacerse cargo&hellip;\n","protected":false},"author":2,"featured_media":132522,"comment_status":"","ping_status":"","sticky":false,"template":"","format":"standard","meta":{"footnotes":""},"categories":[268],"tags":[168,25,24,280,282,281,23,167],"class_list":{"0":"post-132521","1":"post","2":"type-post","3":"status-publish","4":"format-standard","5":"has-post-thumbnail","7":"category-futbol","8":"tag-deportes","9":"tag-es","10":"tag-espana","11":"tag-football","12":"tag-futbol","13":"tag-soccer","14":"tag-spain","15":"tag-sports"},"share_on_mastodon":{"url":"","error":""},"_links":{"self":[{"href":"https:\/\/www.europesays.com\/es\/wp-json\/wp\/v2\/posts\/132521","targetHints":{"allow":["GET"]}}],"collection":[{"href":"https:\/\/www.europesays.com\/es\/wp-json\/wp\/v2\/posts"}],"about":[{"href":"https:\/\/www.europesays.com\/es\/wp-json\/wp\/v2\/types\/post"}],"author":[{"embeddable":true,"href":"https:\/\/www.europesays.com\/es\/wp-json\/wp\/v2\/users\/2"}],"replies":[{"embeddable":true,"href":"https:\/\/www.europesays.com\/es\/wp-json\/wp\/v2\/comments?post=132521"}],"version-history":[{"count":0,"href":"https:\/\/www.europesays.com\/es\/wp-json\/wp\/v2\/posts\/132521\/revisions"}],"wp:featuredmedia":[{"embeddable":true,"href":"https:\/\/www.europesays.com\/es\/wp-json\/wp\/v2\/media\/132522"}],"wp:attachment":[{"href":"https:\/\/www.europesays.com\/es\/wp-json\/wp\/v2\/media?parent=132521"}],"wp:term":[{"taxonomy":"category","embeddable":true,"href":"https:\/\/www.europesays.com\/es\/wp-json\/wp\/v2\/categories?post=132521"},{"taxonomy":"post_tag","embeddable":true,"href":"https:\/\/www.europesays.com\/es\/wp-json\/wp\/v2\/tags?post=132521"}],"curies":[{"name":"wp","href":"https:\/\/api.w.org\/{rel}","templated":true}]}}