{"id":132523,"date":"2025-09-22T20:52:11","date_gmt":"2025-09-22T20:52:11","guid":{"rendered":"https:\/\/www.europesays.com\/es\/132523\/"},"modified":"2025-09-22T20:52:11","modified_gmt":"2025-09-22T20:52:11","slug":"el-principe-harry-y-carlos-iii-llegan-a-un-acuerdo-tras-su-encuentro-en-londres-no-puede-haber-miembros-a-medias-en-la-familia-real","status":"publish","type":"post","link":"https:\/\/www.europesays.com\/es\/132523\/","title":{"rendered":"El pr\u00edncipe Harry y Carlos III llegan a un acuerdo tras su encuentro en Londres: \u201cNo puede haber miembros \u2018a medias\u2019 en la familia real\u201d"},"content":{"rendered":"<p><img alt=\"Los pr\u00edncipes brit\u00e1nicos Guillermo y\" class=\"global-image\" decoding=\"async\" fetchpriority=\"high\" height=\"1969\" loading=\"eager\" src=\"https:\/\/www.europesays.com\/es\/wp-content\/uploads\/2025\/09\/MRKSSONIPREJ3PEKWIH6R66FCY\" width=\"3500\"\/>Los pr\u00edncipes brit\u00e1nicos Guillermo y Harry con el rey Carlos III durante los Juegos Invictus en el Centro de Atletismo Lee Valley. (REUTERS\/Neil Hall\/Foto de archivo).<\/p>\n<p class=\"paragraph\">Desde que el pr\u00edncipe Harry decidiera abandonar sus labores reales en 2020, su futuro como miembro de los Windsor y las tensiones familiares han marcado sus \u00faltimos a\u00f1os. Un claro distanciamiento con su padre y su hermano han definido una nueva vida junto a Meghan Markle en Montecito, California. Sin embargo, el anuncio de c\u00e1ncer de Carlos III el pasado a\u00f1o fue un antes y un despu\u00e9s para ellos. Y, <a href=\"https:\/\/www.infobae.com\/espana\/2025\/09\/22\/el-email-de-sarah-ferguson-a-su-amigo-fiel-jeffrey-epstein-que-abre-una-nueva-crisis-en-la-casa-real-britanica\/\" target=\"_blank\" rel=\"noreferrer nofollow noopener\" title=\"https:\/\/www.infobae.com\/espana\/2025\/09\/22\/el-email-de-sarah-ferguson-a-su-amigo-fiel-jeffrey-epstein-que-abre-una-nueva-crisis-en-la-casa-real-britanica\/\">tras el regreso a Inglaterra <\/a>hace una semana con el objetivo de respaldar causas ben\u00e9ficas y rendir <b>tributo a la reina Isabel <\/b>en el tercer aniversario de su fallecimiento, los medios brit\u00e1nicos afirmaron que padre e hijo se hab\u00edan reencontrado en Clarence House.<\/p>\n<p class=\"paragraph\">El pr\u00edncipe Harry fue visto llegando en coche a la <a rel=\"noopener noreferrer nofollow\" href=\"https:\/\/www.infobae.com\/espana\/2025\/08\/28\/el-motivo-por-el-que-el-principe-guillermo-no-quiere-residir-en-buckingham-palace-nunca-le-ha-tenido-carino\/\" target=\"_blank\" title=\"https:\/\/www.infobae.com\/espana\/2025\/08\/28\/el-motivo-por-el-que-el-principe-guillermo-no-quiere-residir-en-buckingham-palace-nunca-le-ha-tenido-carino\/\">residencia del rey en Londres<\/a>, alrededor de las 17:20 horas del mi\u00e9rcoles 10 de septiembre. Personas allegadas a Harry informaron a PEOPLE que el rey Carlos <b>hab\u00eda dejado sin respuesta las llamadas y mensajes de su hijo<\/b> durante un tiempo considerable. El propio pr\u00edncipe reconoci\u00f3, en una entrevista con BBC News en mayo, su aspiraci\u00f3n de lograr una \u201creconciliaci\u00f3n\u201c, mientras admit\u00eda que \u201calgunas de mis acciones, como la publicaci\u00f3n de mis memorias Spare, han dificultado la comunicaci\u00f3n con mi familia\u201d.<\/p>\n<p class=\"paragraph\">Puentes de comunicaci\u00f3n comenzaron a restablecerse en julio, cuando los nuevos asesores del pr\u00edncipe y un miembro influyente del equipo del rey mantuvieron un primer encuentro. Seg\u00fan una fuente citada por PEOPLE, \u00ab<b>fue un buen primer paso. Siempre es mejor hablar<\/b>\u201c. Poco despu\u00e9s, el duque propuso compartir su agenda oficial con la familia real para evitar solapamientos y eventuales recriminaciones sobre conflictos entre sus apariciones p\u00fablicas y los compromisos institucionales, una medida vista como gesto de transparencia.<\/p>\n<p class=\"paragraph\">Ahora, el Daily Mail ha revelado m\u00e1s detalles sobre el encuentro y recogen que, seg\u00fan el entorno del duque, la reuni\u00f3n fue \u201cpositiva\u201d y aliment\u00f3 las expectativas de <a href=\"https:\/\/www.infobae.com\/espana\/2025\/09\/22\/la-sanidad-britanica-cerca-del-colapso-tras-el-anuncio-de-cancer-de-carlos-iii-y-kate-middleton-estan-animando-a-que-las-personas-se-examinen\/\" target=\"_blank\" rel=\"noreferrer nofollow noopener\" title=\"https:\/\/www.infobae.com\/espana\/2025\/09\/22\/la-sanidad-britanica-cerca-del-colapso-tras-el-anuncio-de-cancer-de-carlos-iii-y-kate-middleton-estan-animando-a-que-las-personas-se-examinen\/\">un \u201cdeshielo\u201d en las relaciones familiares<\/a>. Incluso se lleg\u00f3 a insinuar que podr\u00eda abrirse la puerta a una participaci\u00f3n parcial en la agenda institucional. No obstante, las fuentes de Palacio han restado importancia a este contacto. De hecho, llegaron a ironizar: \u201cQuienquiera que est\u00e9 detr\u00e1s de ellas <b>parece haber confundido un breve t\u00e9 y un trozo de pastel con el Tratado de Versalles<\/b>\u201d, en referencia a la magnitud que se ha querido dar a un gesto meramente cordial.<\/p>\n<p>Qui\u00e9n es qui\u00e9n en la casa real brit\u00e1nica: del rey Carlos, el m\u00e1s tard\u00edo de la historia, al pol\u00e9mico pr\u00edncipe Andr\u00e9s.<\/p>\n<p class=\"paragraph\">La idea de que Harry pueda volver a ejercer como miembro activo de la realeza, aunque de forma intermitente, ha sido rechazada tajantemente. Voces vinculadas a la instituci\u00f3n remarcan que <b>no hay espacio para un \u201cmodelo h\u00edbrido\u201d<\/b>, en el que el hijo menor de Carlos combine su vida privada en California con apariciones oficiales en Londres. \u201cEl rey es un hombre indulgente, pero ha sido absolutamente claro al defender la decisi\u00f3n de su difunta madre de que no puede haber miembros \u2018a medias dentro, a medias fuera\u2019 en la familia real trabajadora\u201d, insisten al Daily Mail.<\/p>\n<p class=\"paragraph\">El argumento oficial es que la fortaleza de la monarqu\u00eda reside en<b> la unidad entre el monarca y el heredero<\/b>, el pr\u00edncipe Guillermo, respaldados por otros miembros plenamente comprometidos con la Corona. Permitir una excepci\u00f3n con Harry abrir\u00eda un precedente que, seg\u00fan temen en Buckingham, erosionar\u00eda la estabilidad de la instituci\u00f3n.<\/p>\n<p class=\"paragraph\">El recelo hacia el entorno de Harry no se limita a cuestiones formales. Seg\u00fan el citado medio, en los pasillos de la instituci\u00f3n circula la idea de que <b>su equipo est\u00e1 intentando aprovechar la vulnerabilidad del rey<\/b> \u2014en plena lucha contra el c\u00e1ncer\u2014 para influir en la narrativa p\u00fablica. Algunos lo ven incluso como una estrategia para generar tensiones entre Carlos y Guillermo, sugiriendo que el heredero lleva menos carga de trabajo de la que le corresponde.<\/p>\n<p><img alt=\"FOTO DE ARCHIVO: La duquesa\" class=\"global-image\" decoding=\"async\" fetchpriority=\"low\" height=\"3074\" loading=\"lazy\" src=\"https:\/\/www.europesays.com\/es\/wp-content\/uploads\/2025\/09\/YQ7D2VDQL2Z2X773QZWQXWU6MI.jpg\" width=\"4576\"\/>FOTO DE ARCHIVO: La duquesa de Sussex, Meghan Markle, reacciona mientras ella, el pr\u00edncipe Harry, el duque de Sussex, la reina Camila y el rey Carlos asisten al funeral de estado y entierro de la reina Isabel II, en Londres, Gran Breta\u00f1a, el 19 de septiembre de 2022. REUTERS\/Toby Melville\/Foto de archivo<\/p>\n<p class=\"paragraph\">El contraste con la agenda real de estos d\u00edas ha sido notable. La reciente visita de Estado de Donald Trump al Reino Unido ofreci\u00f3 una imagen de unidad entre Carlos, Camila, Guillermo y Kate Middleton, con una coordinaci\u00f3n impecable en actos conjuntos y separados. La prensa brit\u00e1nica describi\u00f3 ese despliegue como<b> un triunfo diplom\u00e1tico <\/b>y un ejemplo del \u201cpoder blando\u201d que la monarqu\u00eda todav\u00eda ejerce en el escenario internacional.<\/p>\n<p class=\"paragraph\">Seg\u00fan allegados, el duque habr\u00eda accedido tambi\u00e9n a una petici\u00f3n especial del rey: mantener un perfil bajo durante la <a rel=\"noopener noreferrer nofollow\" href=\"https:\/\/www.infobae.com\/espana\/2025\/09\/18\/el-exuberante-banquete-de-carlos-iii-en-la-visita-de-donald-trump-seis-meses-de-preparativos-un-conac-de-1912-y-un-menu-a-medida\/\" target=\"_blank\" title=\"https:\/\/www.infobae.com\/espana\/2025\/09\/18\/el-exuberante-banquete-de-carlos-iii-en-la-visita-de-donald-trump-seis-meses-de-preparativos-un-conac-de-1912-y-un-menu-a-medida\/\">visita del presidente<\/a> al Reino Unido. Harry habr\u00eda<b> evitado programar compromisos p\u00fablicos<\/b> en esos d\u00edas, como gesto de buena voluntad hacia su padre. Y es que, Trump habr\u00eda declarado en m\u00e1s de una vez que el pr\u00edncipe <a rel=\"noopener noreferrer nofollow\" href=\"https:\/\/www.infobae.com\/espana\/2024\/11\/07\/el-doble-temor-del-principe-harry-tras-la-victoria-de-donald-trump-de-la-filtracion-de-documentos-a-la-posible-deportacion\/\" target=\"_blank\" title=\"https:\/\/www.infobae.com\/espana\/2024\/11\/07\/el-doble-temor-del-principe-harry-tras-la-victoria-de-donald-trump-de-la-filtracion-de-documentos-a-la-posible-deportacion\/\">no es una persona bienvenida en su pa\u00eds<\/a>, despu\u00e9s de confesar en sus memorias su pasado con las drogas.<\/p>\n","protected":false},"excerpt":{"rendered":"Los pr\u00edncipes brit\u00e1nicos Guillermo y Harry con el rey Carlos III durante los Juegos Invictus en el Centro&hellip;\n","protected":false},"author":2,"featured_media":132524,"comment_status":"","ping_status":"","sticky":false,"template":"","format":"standard","meta":{"footnotes":""},"categories":[174],"tags":[255,146,147,25,24,256,23,17100],"class_list":{"0":"post-132523","1":"post","2":"type-post","3":"status-publish","4":"format-standard","5":"has-post-thumbnail","7":"category-famosos","8":"tag-celebrities","9":"tag-entertainment","10":"tag-entretenimiento","11":"tag-es","12":"tag-espana","13":"tag-famosos","14":"tag-spain","15":"tag-top-pictures"},"share_on_mastodon":{"url":"","error":""},"_links":{"self":[{"href":"https:\/\/www.europesays.com\/es\/wp-json\/wp\/v2\/posts\/132523","targetHints":{"allow":["GET"]}}],"collection":[{"href":"https:\/\/www.europesays.com\/es\/wp-json\/wp\/v2\/posts"}],"about":[{"href":"https:\/\/www.europesays.com\/es\/wp-json\/wp\/v2\/types\/post"}],"author":[{"embeddable":true,"href":"https:\/\/www.europesays.com\/es\/wp-json\/wp\/v2\/users\/2"}],"replies":[{"embeddable":true,"href":"https:\/\/www.europesays.com\/es\/wp-json\/wp\/v2\/comments?post=132523"}],"version-history":[{"count":0,"href":"https:\/\/www.europesays.com\/es\/wp-json\/wp\/v2\/posts\/132523\/revisions"}],"wp:featuredmedia":[{"embeddable":true,"href":"https:\/\/www.europesays.com\/es\/wp-json\/wp\/v2\/media\/132524"}],"wp:attachment":[{"href":"https:\/\/www.europesays.com\/es\/wp-json\/wp\/v2\/media?parent=132523"}],"wp:term":[{"taxonomy":"category","embeddable":true,"href":"https:\/\/www.europesays.com\/es\/wp-json\/wp\/v2\/categories?post=132523"},{"taxonomy":"post_tag","embeddable":true,"href":"https:\/\/www.europesays.com\/es\/wp-json\/wp\/v2\/tags?post=132523"}],"curies":[{"name":"wp","href":"https:\/\/api.w.org\/{rel}","templated":true}]}}