{"id":132527,"date":"2025-09-22T20:54:07","date_gmt":"2025-09-22T20:54:07","guid":{"rendered":"https:\/\/www.europesays.com\/es\/132527\/"},"modified":"2025-09-22T20:54:07","modified_gmt":"2025-09-22T20:54:07","slug":"presentacion-del-libro-mi-bitacora-literaria","status":"publish","type":"post","link":"https:\/\/www.europesays.com\/es\/132527\/","title":{"rendered":"Presentaci\u00f3n del libro\u00a0Mi bit\u00e1cora literaria"},"content":{"rendered":"<p><a href=\"https:\/\/culturacorrientes.com\/wp-content\/uploads\/2025\/09\/IMG-20250922-WA0024.jpg\" rel=\"nofollow noopener\" target=\"_blank\"><img loading=\"lazy\" decoding=\"async\" width=\"819\" height=\"1024\" src=\"https:\/\/www.europesays.com\/es\/wp-content\/uploads\/2025\/09\/IMG-20250922-WA0024-819x1024.jpg\" alt=\"\" class=\"wp-image-24695\"  \/><\/a><\/p>\n<p>El Instituto de Cultura y el Museo Provincial de Bellas Artes Dr. Juan Ram\u00f3n Vidal te invitan a un encuentro literario \u00fanico<\/p>\n<p>Te esperamos para la presentaci\u00f3n del libro\u00a0<strong>Mi bit\u00e1cora literaria<\/strong>, una obra de la talentosa Nily Yaeger Bull\u00f3n.<\/p>\n<p>Ser\u00e1 una velada muy especial, donde tambi\u00e9n contaremos con el conmovedor pr\u00f3logo a cargo de Dalia de Jes\u00fas Romero.<\/p>\n<p>La cita es el\u00a0<strong>jueves 25 de septiembre a las 19 hs.<\/strong>\u00a0<\/p>\n<p>\u00a0<strong>San Juan 634 \u2013 Corrientes<\/strong>.<\/p>\n","protected":false},"excerpt":{"rendered":"El Instituto de Cultura y el Museo Provincial de Bellas Artes Dr. Juan Ram\u00f3n Vidal te invitan a&hellip;\n","protected":false},"author":2,"featured_media":132528,"comment_status":"","ping_status":"","sticky":false,"template":"","format":"standard","meta":{"footnotes":""},"categories":[172],"tags":[224,146,147,25,24,225,23],"class_list":{"0":"post-132527","1":"post","2":"type-post","3":"status-publish","4":"format-standard","5":"has-post-thumbnail","7":"category-libros","8":"tag-books","9":"tag-entertainment","10":"tag-entretenimiento","11":"tag-es","12":"tag-espana","13":"tag-libros","14":"tag-spain"},"share_on_mastodon":{"url":"","error":""},"_links":{"self":[{"href":"https:\/\/www.europesays.com\/es\/wp-json\/wp\/v2\/posts\/132527","targetHints":{"allow":["GET"]}}],"collection":[{"href":"https:\/\/www.europesays.com\/es\/wp-json\/wp\/v2\/posts"}],"about":[{"href":"https:\/\/www.europesays.com\/es\/wp-json\/wp\/v2\/types\/post"}],"author":[{"embeddable":true,"href":"https:\/\/www.europesays.com\/es\/wp-json\/wp\/v2\/users\/2"}],"replies":[{"embeddable":true,"href":"https:\/\/www.europesays.com\/es\/wp-json\/wp\/v2\/comments?post=132527"}],"version-history":[{"count":0,"href":"https:\/\/www.europesays.com\/es\/wp-json\/wp\/v2\/posts\/132527\/revisions"}],"wp:featuredmedia":[{"embeddable":true,"href":"https:\/\/www.europesays.com\/es\/wp-json\/wp\/v2\/media\/132528"}],"wp:attachment":[{"href":"https:\/\/www.europesays.com\/es\/wp-json\/wp\/v2\/media?parent=132527"}],"wp:term":[{"taxonomy":"category","embeddable":true,"href":"https:\/\/www.europesays.com\/es\/wp-json\/wp\/v2\/categories?post=132527"},{"taxonomy":"post_tag","embeddable":true,"href":"https:\/\/www.europesays.com\/es\/wp-json\/wp\/v2\/tags?post=132527"}],"curies":[{"name":"wp","href":"https:\/\/api.w.org\/{rel}","templated":true}]}}