{"id":132529,"date":"2025-09-22T20:55:07","date_gmt":"2025-09-22T20:55:07","guid":{"rendered":"https:\/\/www.europesays.com\/es\/132529\/"},"modified":"2025-09-22T20:55:07","modified_gmt":"2025-09-22T20:55:07","slug":"tom-hanks-natalie-portman-o-meryl-streep-mas-de-400-artistas-firman-una-carta-en-defensa-de-jimmy-kimmel-internacional","status":"publish","type":"post","link":"https:\/\/www.europesays.com\/es\/132529\/","title":{"rendered":"Tom Hanks, Natalie Portman o Meryl Streep: m\u00e1s de 400 artistas firman una carta en defensa de Jimmy Kimmel | Internacional"},"content":{"rendered":"<p class=\"loc\">Madrid<\/p>\n<p>M\u00e1s de 400 artistas han publicado una <a href=\"https:\/\/www.aclu.org\/defend-free-speech-letter-kimmel\" target=\"_blank\" rel=\"nofollow noopener\" title=\"https:\/\/www.aclu.org\/defend-free-speech-letter-kimmel\">carta abierta en defensa del presentador, Jimmy Kimmel<\/a>, cuyo programa fue cancelado la semana pasada, tras realizar un comentario relacionado con la muerte de Charlie Kirk.<\/p>\n<p>M\u00e1s informaci\u00f3n<\/p>\n<p>En conjunto con la Uni\u00f3n Estadounidense de Libertades Civiles (ACLU), celebridades como Tom Hanks, Natalie Portman, Meryl Streep, Pedro Pascal, Selena G\u00f3mez, Robert De Niro o Jennifer Aniston han denunciado el retroceso en la libertad de expresi\u00f3n que vive Estados Unidos.<\/p>\n<p>En este sentido, el texto ha criticado que el <a href=\"https:\/\/cadenaser.com\/nacional\/2025\/09\/18\/trump-celebra-la-cancelacion-del-programa-de-jimmy-kimmel-deberia-haberlo-hecho-hace-mucho-tiempo-cadena-ser\/\" target=\"_blank\" rel=\"nofollow noopener\" title=\"https:\/\/cadenaser.com\/nacional\/2025\/09\/18\/trump-celebra-la-cancelacion-del-programa-de-jimmy-kimmel-deberia-haberlo-hecho-hace-mucho-tiempo-cadena-ser\/\">Gobierno estadounidense ejerci\u00f3 presi\u00f3n sobre la cadena<\/a> para que se retirara el programa de Kimmel. Los firmantes han se\u00f1alado que esta forma de actuar es \u00abanticonstitucional\u00bb, adem\u00e1s de una forma de amenazar a aquellas \u00abempresas privadas y personas con las que el presidente no est\u00e1 de acuerdo\u00bb.<\/p>\n<p>\u00abEn un intento por silenciar a sus cr\u00edticos, nuestro Gobierno ha recurrido a amenazar el sustento de periodistas, presentadores de programas de entrevistas, artistas, creativos y animadores en general. Esto va en contra de los valores sobre los que se fund\u00f3 nuestra naci\u00f3n y que garantiza nuestra Constituci\u00f3n\u00bb, han se\u00f1alado en la carta.<\/p>\n<p>Los artistas firmantes han incidido en que esta denuncia de la violaci\u00f3n de la libertad de expresi\u00f3n es un asunto independiente de su \u00abafiliaci\u00f3n pol\u00edtica\u00bb y que es una problem\u00e1tica que se extiende a otros sectores m\u00e1s all\u00e1 de la industria audiovisual.<\/p>\n<p>\u00abSabemos que este momento es m\u00e1s importante que nosotros y nuestra industria. Los profesores, los empleados p\u00fablicos, los bufetes de abogados, los investigadores, las universidades, los estudiantes y muchos otros tambi\u00e9n se enfrentan a ataques directos contra su libertad de expresi\u00f3n\u00bb, han subrayado en el texto.<\/p>\n<p>De esta forma, los cientos de participantes han tratado de trasladar su apoyo a Kimmel, a la vez que han pedido a los ciudadanos estadounidenses que contin\u00faen defendiendo su libertad de expresi\u00f3n.<\/p>\n<p>El programa nocturno de Jimmy Kimmel fue cancelado de forma indefinida despu\u00e9s de que este <a href=\"https:\/\/cadenaser.com\/nacional\/2025\/09\/18\/suspenden-el-late-night-de-jimmy-kimmel-tras-acusar-al-trumpismo-de-sacar-redito-politico-del-asesinato-de-charlie-kirk-cadena-ser\/\" target=\"_blank\" rel=\"nofollow noopener\" title=\"https:\/\/cadenaser.com\/nacional\/2025\/09\/18\/suspenden-el-late-night-de-jimmy-kimmel-tras-acusar-al-trumpismo-de-sacar-redito-politico-del-asesinato-de-charlie-kirk-cadena-ser\/\">criticase el uso partidista de la muerte del activista ultraconservador<\/a> por parte del movimiento MAGA (Make America Great Again).<\/p>\n<p>\u00abLa pandilla MAGA trat\u00f3 desesperadamente de tildar a este muchacho (Tyler Robinson) que asesin\u00f3 a Charlie Kirk de cualquier cosa menos de ser uno de ellos y de hacer todo lo posible por sacar r\u00e9dito pol\u00edtico\u00bb, se\u00f1al\u00f3 Kimmel.<\/p>\n","protected":false},"excerpt":{"rendered":"Madrid M\u00e1s de 400 artistas han publicado una carta abierta en defensa del presentador, Jimmy Kimmel, cuyo programa&hellip;\n","protected":false},"author":2,"featured_media":132530,"comment_status":"","ping_status":"","sticky":false,"template":"","format":"standard","meta":{"footnotes":""},"categories":[171],"tags":[146,147,25,24,23,214],"class_list":{"0":"post-132529","1":"post","2":"type-post","3":"status-publish","4":"format-standard","5":"has-post-thumbnail","7":"category-tv","8":"tag-entertainment","9":"tag-entretenimiento","10":"tag-es","11":"tag-espana","12":"tag-spain","13":"tag-tv"},"share_on_mastodon":{"url":"","error":""},"_links":{"self":[{"href":"https:\/\/www.europesays.com\/es\/wp-json\/wp\/v2\/posts\/132529","targetHints":{"allow":["GET"]}}],"collection":[{"href":"https:\/\/www.europesays.com\/es\/wp-json\/wp\/v2\/posts"}],"about":[{"href":"https:\/\/www.europesays.com\/es\/wp-json\/wp\/v2\/types\/post"}],"author":[{"embeddable":true,"href":"https:\/\/www.europesays.com\/es\/wp-json\/wp\/v2\/users\/2"}],"replies":[{"embeddable":true,"href":"https:\/\/www.europesays.com\/es\/wp-json\/wp\/v2\/comments?post=132529"}],"version-history":[{"count":0,"href":"https:\/\/www.europesays.com\/es\/wp-json\/wp\/v2\/posts\/132529\/revisions"}],"wp:featuredmedia":[{"embeddable":true,"href":"https:\/\/www.europesays.com\/es\/wp-json\/wp\/v2\/media\/132530"}],"wp:attachment":[{"href":"https:\/\/www.europesays.com\/es\/wp-json\/wp\/v2\/media?parent=132529"}],"wp:term":[{"taxonomy":"category","embeddable":true,"href":"https:\/\/www.europesays.com\/es\/wp-json\/wp\/v2\/categories?post=132529"},{"taxonomy":"post_tag","embeddable":true,"href":"https:\/\/www.europesays.com\/es\/wp-json\/wp\/v2\/tags?post=132529"}],"curies":[{"name":"wp","href":"https:\/\/api.w.org\/{rel}","templated":true}]}}