{"id":132531,"date":"2025-09-22T20:56:09","date_gmt":"2025-09-22T20:56:09","guid":{"rendered":"https:\/\/www.europesays.com\/es\/132531\/"},"modified":"2025-09-22T20:56:09","modified_gmt":"2025-09-22T20:56:09","slug":"quiero-ver-fotos-practicamente-cada-dos-dias-de-mi-nieta-ya-soy-ese-abuelo-pesado-y-si-me-parece-increible","status":"publish","type":"post","link":"https:\/\/www.europesays.com\/es\/132531\/","title":{"rendered":"\u201cQuiero ver fotos pr\u00e1cticamente cada dos d\u00edas de mi nieta. Ya soy ese abuelo pesado y, s\u00ed, me parece incre\u00edble\u201d"},"content":{"rendered":"<p data-gtm-element-container=\"modulo-texto-link\" class=\"paragraph\">Una de las cosas que m\u00e1s cambia con la llegada de un nieto es la manera de mirar el d\u00eda a d\u00eda. Las rutinas que parec\u00edan establecidas se rompen para dejar sitio a una ilusi\u00f3n nueva, con la sensaci\u00f3n de que cada peque\u00f1o avance de ese beb\u00e9 merece ser celebrado.<\/p>\n<p data-gtm-element-container=\"modulo-texto-link\" class=\"paragraph\">Hay abuelos que descubren una paciencia distinta, otros que vuelven a re\u00edr con gestos que ten\u00edan olvidados y muchos que se ven sorprendidos por un entusiasmo que no esperaban. El v\u00ednculo aparece de golpe, sin preparaci\u00f3n previa, y desde entonces las prioridades se recolocan de una forma natural.<\/p>\n<p>La familia se ampl\u00eda<br \/>\nLa llegada de la ni\u00f1a despierta emociones que Bon Jovi no esperaba sentir<\/p>\n<p data-gtm-element-container=\"modulo-texto-link\" class=\"paragraph\">Ese impacto es el que vive Jon Bon Jovi tras la llegada de la hija adoptada de Millie Bobby Brown y su hijo Jake Bongiovi. En una entrevista con la creadora de contenido Bunnie XO, el cantante explic\u00f3 que \u201cquiero ver fotos pr\u00e1cticamente cada dos d\u00edas de mi nieta. Ya soy ese abuelo pesado y, s\u00ed, me parece incre\u00edble\u201d. Con esas palabras dejaba clara la emoci\u00f3n que le produce esta etapa.<\/p>\n<blockquote class=\"instagram-media\" data-instgrm-captioned=\"\" data-instgrm-permalink=\"https:\/\/www.instagram.com\/p\/DO3lJLtDrkR\/?utm_source=ig_embed&amp;utm_campaign=loading\" data-instgrm-version=\"14\" style=\" background:#FFF; border:0; border-radius:3px; box-shadow:0 0 1px 0 rgba(0,0,0,0.5),0 1px 10px 0 rgba(0,0,0,0.15); margin: 1px; max-width:540px; min-width:326px; padding:0; width:99.375%; width:-webkit-calc(100% - 2px); width:calc(100% - 2px);\"\/>\n<p data-gtm-element-container=\"modulo-texto-link\" class=\"paragraph\">Durante la charla tambi\u00e9n admiti\u00f3 que todav\u00eda le cuesta asumir el giro que ha dado su vida familiar. \u201cEs una locura, pero genial. Maravilloso\u201d, se\u00f1al\u00f3 antes de a\u00f1adir que, para \u00e9l, esa ni\u00f1a ya es parte de su familia desde el primer instante. Bon Jovi insisti\u00f3 en que, en cuanto la conocieron, la sintieron como su nieta.<\/p>\n<p data-gtm-element-container=\"modulo-texto-link\" class=\"paragraph\">El m\u00fasico no ocult\u00f3 su admiraci\u00f3n hacia la joven actriz. Coment\u00f3 que \u201cse casaron muy j\u00f3venes, pero lo bendijimos porque lo entendemos\u201d, y record\u00f3 que tanto Brown como Jake vienen de familias que iniciaron su vida en pareja muy pronto. A su juicio, la determinaci\u00f3n de ambos demuestra que la decisi\u00f3n fue meditada.<\/p>\n<p>        Lee tambi\u00e9n<\/p>\n<p>    H\u00e9ctor Farr\u00e9s<\/p>\n<p>             <img loading=\"lazy\" decoding=\"async\" data-full-src=\"https:\/\/www.lavanguardia.com\/uploads\/2024\/07\/24\/66a11be9ac97e.jpeg\" alt=\"Canadian-US actor Ryan Reynolds attends the \" width=\"104\" height=\"108\" src=\"https:\/\/www.europesays.com\/es\/wp-content\/uploads\/2025\/09\/66a11be9ac97e.r_d.459-306.jpeg\" class=\"lazy\"\/><\/p>\n<p data-gtm-element-container=\"modulo-texto-link\" class=\"paragraph\">El cantante, que tiene cuatro hijos junto a su esposa Dorothea Hurley, no oculta la ilusi\u00f3n que le genera la posibilidad de que su familia siga creciendo. En otra entrevista publicada hace unos meses confes\u00f3: \u201cDe repente, tus hijos se casan y luego te hablan de la perspectiva de nietos\u2026 \u00a1guau!\u201d. Ese asombro se mezcla con la alegr\u00eda de comprobar que ahora su vida tiene una nueva dimensi\u00f3n marcada por su papel como abuelo.<\/p>\n<p><script async src=\"\/\/www.instagram.com\/embed.js\"><\/script><\/p>\n","protected":false},"excerpt":{"rendered":"Una de las cosas que m\u00e1s cambia con la llegada de un nieto es la manera de mirar&hellip;\n","protected":false},"author":2,"featured_media":132532,"comment_status":"","ping_status":"","sticky":false,"template":"","format":"standard","meta":{"footnotes":""},"categories":[170],"tags":[146,147,25,24,184,185,23],"class_list":{"0":"post-132531","1":"post","2":"type-post","3":"status-publish","4":"format-standard","5":"has-post-thumbnail","7":"category-musica","8":"tag-entertainment","9":"tag-entretenimiento","10":"tag-es","11":"tag-espana","12":"tag-music","13":"tag-musica","14":"tag-spain"},"share_on_mastodon":{"url":"","error":""},"_links":{"self":[{"href":"https:\/\/www.europesays.com\/es\/wp-json\/wp\/v2\/posts\/132531","targetHints":{"allow":["GET"]}}],"collection":[{"href":"https:\/\/www.europesays.com\/es\/wp-json\/wp\/v2\/posts"}],"about":[{"href":"https:\/\/www.europesays.com\/es\/wp-json\/wp\/v2\/types\/post"}],"author":[{"embeddable":true,"href":"https:\/\/www.europesays.com\/es\/wp-json\/wp\/v2\/users\/2"}],"replies":[{"embeddable":true,"href":"https:\/\/www.europesays.com\/es\/wp-json\/wp\/v2\/comments?post=132531"}],"version-history":[{"count":0,"href":"https:\/\/www.europesays.com\/es\/wp-json\/wp\/v2\/posts\/132531\/revisions"}],"wp:featuredmedia":[{"embeddable":true,"href":"https:\/\/www.europesays.com\/es\/wp-json\/wp\/v2\/media\/132532"}],"wp:attachment":[{"href":"https:\/\/www.europesays.com\/es\/wp-json\/wp\/v2\/media?parent=132531"}],"wp:term":[{"taxonomy":"category","embeddable":true,"href":"https:\/\/www.europesays.com\/es\/wp-json\/wp\/v2\/categories?post=132531"},{"taxonomy":"post_tag","embeddable":true,"href":"https:\/\/www.europesays.com\/es\/wp-json\/wp\/v2\/tags?post=132531"}],"curies":[{"name":"wp","href":"https:\/\/api.w.org\/{rel}","templated":true}]}}