{"id":132535,"date":"2025-09-22T20:58:11","date_gmt":"2025-09-22T20:58:11","guid":{"rendered":"https:\/\/www.europesays.com\/es\/132535\/"},"modified":"2025-09-22T20:58:11","modified_gmt":"2025-09-22T20:58:11","slug":"pedri-ninguneo-mayusculo-as-com","status":"publish","type":"post","link":"https:\/\/www.europesays.com\/es\/132535\/","title":{"rendered":"Pedri, ninguneo may\u00fasculo &#8211; AS.com"},"content":{"rendered":"<p class=\"\">Todos los t\u00e9cnicos, futbolistas y aficionados coinciden en que <b>Pedri <\/b>es una pieza fundamental del <b>Barcelona <\/b>de <b>Flick<\/b>, pero esa sensaci\u00f3n no se plasm\u00f3 en las votaciones del <b>Bal\u00f3n de Oro<\/b>. A pesar de que hab\u00eda gente que le ve\u00eda incluso en un posible <b>Top-5<\/b>, el canario acab\u00f3 en el puesto 11. Hasta Rodri, el ganador de la anterior edici\u00f3n,<a href=\"https:\/\/as.com\/futbol\/internacional\/rodri-pide-el-balon-de-oro-para-espana-lamine-pedri-n\/\" target=\"_self\" rel=\"nofollow noopener\" title=\"https:\/\/as.com\/futbol\/internacional\/rodri-pide-el-balon-de-oro-para-espana-lamine-pedri-n\/\"> lo hab\u00eda nombrado<\/a> como posible ganador.<\/p>\n<p class=\"\">Los distintos periodistas que tienen derecho a votos determinaron que ni siquiera estuvo entre los diez mejores futbolistas del pasado curso. El canario disput\u00f3 37 partidos de <b>Liga <\/b>con el <b>Bar\u00e7a <\/b>y anot\u00f3 4 goles. En la <b>Champions <\/b>tambi\u00e9n fue indiscutible con 14 encuentros, al igual que en la <b>Copa del Rey<\/b> en la que jug\u00f3 6 choques y marc\u00f3 dos goles. Con la <b>Selecci\u00f3n<\/b>, finalista de la <b>Nations League<\/b>, m\u00e1s de lo mismo.<\/p>\n<p>Noticias relacionadas<\/p>\n<p class=\"\">Pese a ello, y a la aportaci\u00f3n de su f\u00fatbol tanto al <b>Bar\u00e7a <\/b>campe\u00f3n del doblete como a la mejor <b>Selecci\u00f3n <\/b>de los \u00faltimos tiempos, la consideraci\u00f3n individual en el <b>Bal\u00f3n de Oro<\/b> se le resiste. S\u00ed gan\u00f3 el <b>Kopa <\/b>y el <b>Golden Boy <\/b>en 2021, pero se queda en poca cosa a la vista de la dimensi\u00f3n que ha adquirido posteriormente en su carrera.<\/p>\n<p class=\"\"><b>\u00a1Tus opiniones importan!<\/b> Comenta en los art\u00edculos y suscr\u00edbete gratis a nuestra <a href=\"https:\/\/asfan.as.com\/newsletters\/\" target=\"_blank\" rel=\"nofollow noopener\" title=\"https:\/\/asfan.as.com\/newsletters\/\">newsletter<\/a> y a las alertas informativas en la <a href=\"https:\/\/as.com\/aplicacion-de-as-n\/\" target=\"_blank\" rel=\"nofollow noopener\" title=\"https:\/\/as.com\/aplicacion-de-as-n\/\">App<\/a> o el canal de <a href=\"https:\/\/www.whatsapp.com\/channel\/0029VaAasdA7j6g745nz9M10\" target=\"_blank\" rel=\"nofollow noopener\" title=\"https:\/\/www.whatsapp.com\/channel\/0029VaAasdA7j6g745nz9M10\">WhatsApp<\/a>. \u00bfBuscas licenciar contenido? Haz clic <a href=\"https:\/\/profesional.elpais.com\/soluciones-sindicacion?utm_medium=interno&amp;utm_source=crosslinking&amp;utm_campaign=sindicacion_as_pie_articulos\" target=\"_blank\" rel=\"nofollow noopener\" title=\"https:\/\/profesional.elpais.com\/soluciones-sindicacion?utm_medium=interno&amp;utm_source=crosslinking&amp;utm_campaign=sindicacion_as_pie_articulos\">aqu\u00ed<\/a><\/p>\n","protected":false},"excerpt":{"rendered":"Todos los t\u00e9cnicos, futbolistas y aficionados coinciden en que Pedri es una pieza fundamental del Barcelona de Flick,&hellip;\n","protected":false},"author":2,"featured_media":132536,"comment_status":"","ping_status":"","sticky":false,"template":"","format":"standard","meta":{"footnotes":""},"categories":[93],"tags":[168,25,24,23,167],"class_list":{"0":"post-132535","1":"post","2":"type-post","3":"status-publish","4":"format-standard","5":"has-post-thumbnail","7":"category-deportes","8":"tag-deportes","9":"tag-es","10":"tag-espana","11":"tag-spain","12":"tag-sports"},"share_on_mastodon":{"url":"","error":""},"_links":{"self":[{"href":"https:\/\/www.europesays.com\/es\/wp-json\/wp\/v2\/posts\/132535","targetHints":{"allow":["GET"]}}],"collection":[{"href":"https:\/\/www.europesays.com\/es\/wp-json\/wp\/v2\/posts"}],"about":[{"href":"https:\/\/www.europesays.com\/es\/wp-json\/wp\/v2\/types\/post"}],"author":[{"embeddable":true,"href":"https:\/\/www.europesays.com\/es\/wp-json\/wp\/v2\/users\/2"}],"replies":[{"embeddable":true,"href":"https:\/\/www.europesays.com\/es\/wp-json\/wp\/v2\/comments?post=132535"}],"version-history":[{"count":0,"href":"https:\/\/www.europesays.com\/es\/wp-json\/wp\/v2\/posts\/132535\/revisions"}],"wp:featuredmedia":[{"embeddable":true,"href":"https:\/\/www.europesays.com\/es\/wp-json\/wp\/v2\/media\/132536"}],"wp:attachment":[{"href":"https:\/\/www.europesays.com\/es\/wp-json\/wp\/v2\/media?parent=132535"}],"wp:term":[{"taxonomy":"category","embeddable":true,"href":"https:\/\/www.europesays.com\/es\/wp-json\/wp\/v2\/categories?post=132535"},{"taxonomy":"post_tag","embeddable":true,"href":"https:\/\/www.europesays.com\/es\/wp-json\/wp\/v2\/tags?post=132535"}],"curies":[{"name":"wp","href":"https:\/\/api.w.org\/{rel}","templated":true}]}}