{"id":132547,"date":"2025-09-22T21:04:10","date_gmt":"2025-09-22T21:04:10","guid":{"rendered":"https:\/\/www.europesays.com\/es\/132547\/"},"modified":"2025-09-22T21:04:10","modified_gmt":"2025-09-22T21:04:10","slug":"investigan-la-muerte-de-un-empresario-de-dos-hermanas-de-un-disparo-en-la-cabeza-en-la-republica-dominicana","status":"publish","type":"post","link":"https:\/\/www.europesays.com\/es\/132547\/","title":{"rendered":"Investigan la muerte de un empresario de Dos Hermanas de un disparo en la cabeza en la Rep\u00fablica Dominicana"},"content":{"rendered":"<p><img decoding=\"async\" class=\"voc-author__img\" src=\"https:\/\/www.europesays.com\/es\/wp-content\/uploads\/2025\/08\/autor-7314-foto-1.jpeg\" alt=\"Fernando Barroso Vargas\"\/><\/p>\n<p>22\/09\/2025 a las 22:24h.<\/p>\n<p>      <a href=\"https:\/\/www.abc.es\/sevilla\/provincia\/dos-hermanas\/javascript:void(0)\" data-voc-component=\"modal-open\" data-target=\"open-comments\" class=\"voc-social__icon voc-social__icon--comments nibara-element\" title=\"Comentarios\" rel=\"nofollow noopener\" target=\"_blank\"><\/p>\n<p><\/a><\/p>\n<p class=\"voc-save-news__paragraph\">Esta funcionalidad es s\u00f3lo para suscriptores<\/p>\n<p><a href=\"https:\/\/secure.abc.es\/suscripcion#vca=suscribete&amp;vso=abcdesevilla&amp;vmc=on&amp;vli=comentarios-btn-flujo\" data-voc-vtm-id=\"comienzoSuscripcionON\" data-voc-vtm-info=\"btncomentar\" class=\"voc-btn voc-btn--w voc-btn--xs voc-save-news__btn\" rel=\"nofollow noopener\" target=\"_blank\"><br \/>\nSuscribete<br \/>\n<\/a><\/p>\n<p class=\"voc-p\" style=\"\">La Polic\u00eda Nacional y el Ministerio P\u00fablico de la <strong>Rep\u00fablica Dominicana<\/strong> est\u00e1n investigando el hallazgo del cad\u00e1ver del empresario de Dos Hermanas Antonio Jim\u00e9nez L\u00f3pez, fallecido el pasado s\u00e1bado por disparos de arma de fuego en el interior de una camioneta estacionada en la comunidad de Palo Damajagua, en el Distrito Municipal Maizal de dicho pa\u00eds.<\/p>\n<p class=\"voc-p\" style=\"\">Seg\u00fan informan medios locales de la Rep\u00fablica Dominicana, el cuerpo presentaba una herida de proyectil en la cabeza y ha sido identificado como el del ciudadano espa\u00f1ol Antonio Jim\u00e9nez L\u00f3pez, de 59 a\u00f1os y quien seg\u00fan el diario web de <strong>Dos Hermanas<\/strong> Cadena DH es un empresario nazareno y propietario de un vivero en la ciudad. <\/p>\n<p class=\"voc-p\" style=\"\">El cad\u00e1ver del fallecido fue levantado y trasladado al <strong>Instituto Nacional de Ciencias Forenses<\/strong> (INACIF) de la Rep\u00fablica Dominicana para la autopsia correspondiente y dem\u00e1s procedimientos legales.<\/p>\n<p class=\"voc-p\" style=\"\">Las autoridades dominicanas han iniciado una <strong>investigaci\u00f3n exhaustiva<\/strong> con el prop\u00f3sito de esclarecer las circunstancias que rodearon el hecho y determinar posibles responsables, sin que hayan trascendido detenciones ni otras pesquisas.<\/p>\n<p class=\"voc-btn__text\">\nVer comentarios<br \/>\n(0)\n<\/p>\n<p>Reportar un error<\/p>\n<p class=\"voc-save-news__paragraph\">Esta funcionalidad es s\u00f3lo para suscriptores<\/p>\n<p><a href=\"https:\/\/secure.abc.es\/suscripcion#vca=suscribete&amp;vso=abcdesevilla&amp;vmc=on&amp;vli=comentarios-btn-flujo\" data-voc-vtm-id=\"comienzoSuscripcionON\" data-voc-vtm-info=\"btncomentar\" class=\"voc-btn voc-btn--w voc-btn--xs voc-save-news__btn\" rel=\"nofollow noopener\" target=\"_blank\"><br \/>\nSuscribete<br \/>\n<\/a><\/p>\n","protected":false},"excerpt":{"rendered":"22\/09\/2025 a las 22:24h. Esta funcionalidad es s\u00f3lo para suscriptores Suscribete La Polic\u00eda Nacional y el Ministerio P\u00fablico&hellip;\n","protected":false},"author":2,"featured_media":132548,"comment_status":"","ping_status":"","sticky":false,"template":"","format":"standard","meta":{"footnotes":""},"categories":[8],"tags":[17,18,1067,24925,14975,1563,18393,25,24,13,14,11,3553,9074,19,20,4920,9,10,15,16,15600,23,12,21,22],"class_list":{"0":"post-132547","1":"post","2":"type-post","3":"status-publish","4":"format-standard","5":"has-post-thumbnail","7":"category-espana","8":"tag-breaking-news","9":"tag-breakingnews","10":"tag-cabeza","11":"tag-disparo","12":"tag-dominicana","13":"tag-dos","14":"tag-empresario","15":"tag-es","16":"tag-espana","17":"tag-featured-news","18":"tag-featurednews","19":"tag-headlines","20":"tag-hermanas","21":"tag-investigan","22":"tag-latest-news","23":"tag-latestnews","24":"tag-muerte","25":"tag-news","26":"tag-noticias","27":"tag-noticias-destacadas","28":"tag-noticiasdestacadas","29":"tag-republica","30":"tag-spain","31":"tag-titulares","32":"tag-ultimas-noticias","33":"tag-ultimasnoticias"},"share_on_mastodon":{"url":"","error":""},"_links":{"self":[{"href":"https:\/\/www.europesays.com\/es\/wp-json\/wp\/v2\/posts\/132547","targetHints":{"allow":["GET"]}}],"collection":[{"href":"https:\/\/www.europesays.com\/es\/wp-json\/wp\/v2\/posts"}],"about":[{"href":"https:\/\/www.europesays.com\/es\/wp-json\/wp\/v2\/types\/post"}],"author":[{"embeddable":true,"href":"https:\/\/www.europesays.com\/es\/wp-json\/wp\/v2\/users\/2"}],"replies":[{"embeddable":true,"href":"https:\/\/www.europesays.com\/es\/wp-json\/wp\/v2\/comments?post=132547"}],"version-history":[{"count":0,"href":"https:\/\/www.europesays.com\/es\/wp-json\/wp\/v2\/posts\/132547\/revisions"}],"wp:featuredmedia":[{"embeddable":true,"href":"https:\/\/www.europesays.com\/es\/wp-json\/wp\/v2\/media\/132548"}],"wp:attachment":[{"href":"https:\/\/www.europesays.com\/es\/wp-json\/wp\/v2\/media?parent=132547"}],"wp:term":[{"taxonomy":"category","embeddable":true,"href":"https:\/\/www.europesays.com\/es\/wp-json\/wp\/v2\/categories?post=132547"},{"taxonomy":"post_tag","embeddable":true,"href":"https:\/\/www.europesays.com\/es\/wp-json\/wp\/v2\/tags?post=132547"}],"curies":[{"name":"wp","href":"https:\/\/api.w.org\/{rel}","templated":true}]}}