{"id":132555,"date":"2025-09-22T21:10:11","date_gmt":"2025-09-22T21:10:11","guid":{"rendered":"https:\/\/www.europesays.com\/es\/132555\/"},"modified":"2025-09-22T21:10:11","modified_gmt":"2025-09-22T21:10:11","slug":"lo-que-el-tenis-necesita","status":"publish","type":"post","link":"https:\/\/www.europesays.com\/es\/132555\/","title":{"rendered":"Lo que el tenis necesita&#8230;"},"content":{"rendered":"<p class=\"L6-news-detail__text\"><b><a title=\"Carlos Alcaraz\" href=\"https:\/\/www.lasexta.com\/noticias\/deportes\/tenis\/posible-camino-carlos-alcaraz-atp-500-tokio_2025092268d136ca31b8a3479b7434d7.html\" target=\"_blank\" rel=\"nofollow noopener\">Carlos Alcaraz<\/a><\/b> y <b><a title=\"Jannik Sinner\" href=\"https:\/\/www.lasexta.com\/noticias\/deportes\/tenis\/reflexion-federer-dominio-alcaraz-sinner-pregunta-que-todo-mundo-hace_2025092168d03a35a2dd1a7e0d118a1e.html\" target=\"_blank\" rel=\"nofollow noopener\">Jannik Sinner<\/a><\/b> est\u00e1n copando casi cualquier opini\u00f3n que se est\u00e1 llevando a cabo en el tenis. El dominio del espa\u00f1ol y del italiano est\u00e1 siendo soberbio en un circuito profesional que no parece tener otros jugadores que puedan hacerle frente a los <b>n\u00famero uno y dos del mundo<\/b>.<\/p>\n<p class=\"L6-news-detail__text\">Desde la final del <b>US Open<\/b>, son muchos los iconos o leyendas que han fantaseado con la posibilidad de que en futuro aparezca un <b>tercer tenista<\/b> que pueda seguirles el ritmo. De momento, como es evidente, no lo hay.<\/p>\n<p class=\"L6-news-detail__text\">Sin embargo, ya pas\u00f3 con <b><a title=\"Rafa Nadal\" href=\"https:\/\/www.lasexta.com\/noticias\/deportes\/tenis\/alcaraz-verdadero-idolo-federer-nadal-rafa-fue-muy-importante-roger_2025092068cea850394a81387392559e.html\" target=\"_blank\" rel=\"nofollow noopener\">Rafa Nadal<\/a><\/b> y <b>Roger Federer<\/b> algo parecido. El manacor\u00ed y el helv\u00e9tico dominaban el panorama ten\u00edstico en la segunda mitad de la primera d\u00e9cada de los 2000 pero apareci\u00f3 <b><a title=\"Novak Djokovic\" href=\"https:\/\/www.lasexta.com\/noticias\/deportes\/tenis\/definicion-inedita-leyenda-carlos-alcaraz-coges-mejor-nadal-federer-djokovic_2025091868cc1b25a2dd1a7e0d0947c8.html\" target=\"_blank\" rel=\"nofollow noopener\">Novak Djokovic<\/a><\/b> cuando nadie esperaba que alguien pudiera estar a la altura de Rafa y de Roger.<\/p>\n<p class=\"L6-news-detail__text\"><b>Billie Jean King<\/b>, extenista y aun aut\u00e9ntica leyenda del tenis, alaba la superioridad de <b>Alcaraz y Sinner<\/b> pero pide que entre un tercer jugador en esa rivalidad: \u00abEs justo lo que el tenis necesita, el circuito masculino ha tenido suerte en los <b>\u00faltimos 20 a\u00f1os<\/b> y har\u00eda falta una rivalidad as\u00ed en el femenino. Recuerdo los duelos entre Navratilova y Evert, que jugaron 80 veces juntas y que fue una rivalidad hist\u00f3rica, creo que no se valora lo suficiente\u00bb.<\/p>\n<p class=\"L6-news-detail__text\">\u00abSi llegara un tercero en la ecuaci\u00f3n, como pas\u00f3 con <b>Djokovic<\/b>, ser\u00eda a\u00fan mejor. Un rival que les ayude a empujarse el uno al otro. Solo <b>imaginate en ganar a Nadal en Roland Garros, 14 t\u00edtulos<\/b>, \u00bfde verdad?. Cuando Borg gan\u00f3 seis la gente pens\u00f3 que nadie se iba a acercar a eso, pero 14? <b>Es incre\u00edble<\/b>\u00ab, concluye la extenista en unas declaraciones que recoge &#8216;Eurosport&#8217;.<\/p>\n<p class=\"L6-support-news-video__title\">Niega que fueran por informes<\/p>\n<p>            <a href=\"https:\/\/www.lasexta.com\/noticias\/deportes\/futbol\/hijo-negreira-tumba-explicacion-barca-ocho-millones-euros-que-pago-padre-lasexta-accede-declaraciones_2025092268d15e215f87ee0831f6063e.html\" class=\"L6-news__link\" rel=\"nofollow noopener\" target=\"_blank\"><br \/>\n                El hijo de Negreira tumba la explicaci\u00f3n del Bar\u00e7a sobre los ocho millones de euros que pag\u00f3 a su padre: laSexta accede a las declaraciones<\/p>\n<p class=\"recirculation-video-desc\">\u00bfQu\u00e9 ha dicho? Javier Enr\u00edquez niega que esa cantidad viniese por los informes que hizo como coach en el club. En este sentido, asegura que solo recibi\u00f3 70.000 euros por ellos, dejando sin explicaci\u00f3n el resto de pagos.<\/p>\n<p>            <\/a><\/p>\n","protected":false},"excerpt":{"rendered":"Carlos Alcaraz y Jannik Sinner est\u00e1n copando casi cualquier opini\u00f3n que se est\u00e1 llevando a cabo en el&hellip;\n","protected":false},"author":2,"featured_media":132556,"comment_status":"","ping_status":"","sticky":false,"template":"","format":"standard","meta":{"footnotes":""},"categories":[274],"tags":[168,25,24,23,167,327,326],"class_list":{"0":"post-132555","1":"post","2":"type-post","3":"status-publish","4":"format-standard","5":"has-post-thumbnail","7":"category-tenis","8":"tag-deportes","9":"tag-es","10":"tag-espana","11":"tag-spain","12":"tag-sports","13":"tag-tenis","14":"tag-tennis"},"share_on_mastodon":{"url":"","error":""},"_links":{"self":[{"href":"https:\/\/www.europesays.com\/es\/wp-json\/wp\/v2\/posts\/132555","targetHints":{"allow":["GET"]}}],"collection":[{"href":"https:\/\/www.europesays.com\/es\/wp-json\/wp\/v2\/posts"}],"about":[{"href":"https:\/\/www.europesays.com\/es\/wp-json\/wp\/v2\/types\/post"}],"author":[{"embeddable":true,"href":"https:\/\/www.europesays.com\/es\/wp-json\/wp\/v2\/users\/2"}],"replies":[{"embeddable":true,"href":"https:\/\/www.europesays.com\/es\/wp-json\/wp\/v2\/comments?post=132555"}],"version-history":[{"count":0,"href":"https:\/\/www.europesays.com\/es\/wp-json\/wp\/v2\/posts\/132555\/revisions"}],"wp:featuredmedia":[{"embeddable":true,"href":"https:\/\/www.europesays.com\/es\/wp-json\/wp\/v2\/media\/132556"}],"wp:attachment":[{"href":"https:\/\/www.europesays.com\/es\/wp-json\/wp\/v2\/media?parent=132555"}],"wp:term":[{"taxonomy":"category","embeddable":true,"href":"https:\/\/www.europesays.com\/es\/wp-json\/wp\/v2\/categories?post=132555"},{"taxonomy":"post_tag","embeddable":true,"href":"https:\/\/www.europesays.com\/es\/wp-json\/wp\/v2\/tags?post=132555"}],"curies":[{"name":"wp","href":"https:\/\/api.w.org\/{rel}","templated":true}]}}