{"id":132557,"date":"2025-09-22T21:11:09","date_gmt":"2025-09-22T21:11:09","guid":{"rendered":"https:\/\/www.europesays.com\/es\/132557\/"},"modified":"2025-09-22T21:11:09","modified_gmt":"2025-09-22T21:11:09","slug":"los-junior-cierran-el-martes-las-contrarrelojes-individuales","status":"publish","type":"post","link":"https:\/\/www.europesays.com\/es\/132557\/","title":{"rendered":"Los j\u00fanior cierran el martes las contrarrelojes individuales"},"content":{"rendered":"<p>\t\t\t&#13;<br \/>\n&#13;<\/p>\n<p><img loading=\"lazy\" decoding=\"async\" src=\"https:\/\/www.europesays.com\/es\/wp-content\/uploads\/2025\/09\/adria-pericas-mundia-cri-junior-2024-rfec-tw.jpg\" width=\"556\" height=\"418\" class=\"setborder\" alt=\"Mundial de ciclismo: Los j\u00fanior cierran el martes las contrarrelojes individuales\" title=\"Mundial de ciclismo: Los j\u00fanior cierran el martes las contrarrelojes individuales\"\/><br \/>\n&#13;<br \/>\n&#13;<br \/>\n&#13;<br \/>\nEFE \u00b7 <a href=\"https:\/\/www.esciclismo.com\/actualidad\/carretera\/\" rel=\"nofollow noopener\" target=\"_blank\">Competici\u00f3n Carretera<\/a>  \u00b7 22\/09\/2025<\/p>\n<p>La tercera jornada de los Mundiales de ciclismo de Ruanda, este martes, cerrar\u00e1 las pruebas contrarreloj individuales con la entrada en acci\u00f3n de los ciclistas j\u00fanior.<\/p>\n<p>&#13;<\/p>\n<p><b id=\"P1\"\/>La representaci\u00f3n espa\u00f1ola masculina correr\u00e1 a cargo de Benjam\u00edn Noval, debutante en la categor\u00eda y con triunfos internacionales esta temporada, y E\u00f1aut Urkcaregi, mientras que en la femenina competir\u00e1n Paula Ostiz y Alejandra Neira.<\/p>\n<p>&#13;<\/p>\n<p>El asturiano Noval y la navarra Ostiz, tanto por su nivel como por su experiencia internacional, parten a priori con opciones de pelear por estar en la parte alta de la clasificaci\u00f3n.<\/p>\n<p>&#13;<\/p>\n<p><b id=\"P2\"\/>Las primeras en tomar la salida, a partir de las 10:45 horas, ser\u00e1n las 47 participantes inscritas en la categor\u00eda femenina, que afrontar\u00e1n el recorrido m\u00e1s suave de esta primera cita mundialista en el continente africano, un trayecto de 18,3 kil\u00f3metros en los que la \u00fanica dificultad ser\u00e1 la ascensi\u00f3n a la cota de Kimihurura.<\/p>\n<p>&#13;<\/p>\n<p>El ascenso a Kimihurura, una rampa adoquinada de 1,3 kil\u00f3metros al 6,3 %, est\u00e1 situado a tan solo 1,1 kil\u00f3metros del final y si en todas las categor\u00edas ha pasado factura a un buen n\u00famero de ciclistas, en la categor\u00eda m\u00e1s joven debe ser el que marque las diferencias.<\/p>\n<p>&#13;<\/p>\n<p><b id=\"P3\"\/>En categor\u00eda masculina, la salida se dar\u00e1 a las 14 horas y los ciclistas afrontar\u00e1n el mismo circuito que la categor\u00eda sub-23 femenina, con 22,6 kil\u00f3metros de recorrido con la ascensi\u00f3n a la dura cota de Nyanza (2,5 km al 5,8 %) y en la parte final, al igual que el resto de categor\u00edas, la de Kimihurura.<\/p>\n<p>&#13;<\/p>\n<p><a href=\"https:\/\/www.esciclismo.com\/especiales\/mundial\/\" class=\"button\" rel=\"nofollow noopener\" target=\"_blank\"># Mundial de ciclismo<\/a><\/p>\n<p>&#13;<br \/>\n&#13;<br \/>\n&#13;<br \/>\nEFE &#8211; Agencia EFE &#8211; Todos los derechos reservados. Est\u00e1 prohibido todo tipo de reproducci\u00f3n sin autorizaci\u00f3n escrita de la Agencia EFE S\/A.<br \/>&#13;<br \/>\n&#13;<\/p>\n<blockquote class=\"style-3\"><p>\ud83d\udce3<\/p>\n<p>Sigue toda la actualidad del mundo del ciclismo en nuestros canales de <a href=\"https:\/\/bit.ly\/WhatsappEsCiclismo\" target=\"_blank\" rel=\"noopener nofollow\"><b>WhatsApp<\/b><\/a> y <a href=\"https:\/\/bit.ly\/EsciclismoTelegram\" target=\"_blank\" rel=\"noopener nofollow\"><b>Telegram<\/b><\/a>, donde recibiras las noticias m\u00e1s destacadas.<\/p>\n<\/blockquote>\n","protected":false},"excerpt":{"rendered":"&#13; &#13; &#13; &#13; &#13; EFE \u00b7 Competici\u00f3n Carretera \u00b7 22\/09\/2025 La tercera jornada de los Mundiales de&hellip;\n","protected":false},"author":2,"featured_media":132558,"comment_status":"","ping_status":"","sticky":false,"template":"","format":"standard","meta":{"footnotes":""},"categories":[273],"tags":[1926,28980,24409,1568,12626,313,2838,11218,8062,312,23215,168,28028,5089,25,24,2501,42319,2661,293,3368,1783,7797,9843,11734,31573,677,14103,25063,23,167,1152,2393,42038,42320],"class_list":{"0":"post-132557","1":"post","2":"type-post","3":"status-publish","4":"format-standard","5":"has-post-thumbnail","7":"category-ciclismo","8":"tag-accion","9":"tag-benjamin","10":"tag-cargo","11":"tag-categoria","12":"tag-cerrara","13":"tag-ciclismo","14":"tag-ciclistas","15":"tag-contrarreloj","16":"tag-correra","17":"tag-cycling","18":"tag-debutante","19":"tag-deportes","20":"tag-enaut","21":"tag-entrada","22":"tag-es","23":"tag-espana","24":"tag-espanola","25":"tag-individuales","26":"tag-internacionales","27":"tag-jornada","28":"tag-junior","29":"tag-la","30":"tag-martes","31":"tag-masculina","32":"tag-mundiales","33":"tag-noval","34":"tag-pruebas","35":"tag-representacion","36":"tag-ruanda","37":"tag-spain","38":"tag-sports","39":"tag-temporada","40":"tag-tercera","41":"tag-triunfos","42":"tag-urkcar"},"share_on_mastodon":{"url":"","error":""},"_links":{"self":[{"href":"https:\/\/www.europesays.com\/es\/wp-json\/wp\/v2\/posts\/132557","targetHints":{"allow":["GET"]}}],"collection":[{"href":"https:\/\/www.europesays.com\/es\/wp-json\/wp\/v2\/posts"}],"about":[{"href":"https:\/\/www.europesays.com\/es\/wp-json\/wp\/v2\/types\/post"}],"author":[{"embeddable":true,"href":"https:\/\/www.europesays.com\/es\/wp-json\/wp\/v2\/users\/2"}],"replies":[{"embeddable":true,"href":"https:\/\/www.europesays.com\/es\/wp-json\/wp\/v2\/comments?post=132557"}],"version-history":[{"count":0,"href":"https:\/\/www.europesays.com\/es\/wp-json\/wp\/v2\/posts\/132557\/revisions"}],"wp:featuredmedia":[{"embeddable":true,"href":"https:\/\/www.europesays.com\/es\/wp-json\/wp\/v2\/media\/132558"}],"wp:attachment":[{"href":"https:\/\/www.europesays.com\/es\/wp-json\/wp\/v2\/media?parent=132557"}],"wp:term":[{"taxonomy":"category","embeddable":true,"href":"https:\/\/www.europesays.com\/es\/wp-json\/wp\/v2\/categories?post=132557"},{"taxonomy":"post_tag","embeddable":true,"href":"https:\/\/www.europesays.com\/es\/wp-json\/wp\/v2\/tags?post=132557"}],"curies":[{"name":"wp","href":"https:\/\/api.w.org\/{rel}","templated":true}]}}