{"id":132559,"date":"2025-09-22T21:12:12","date_gmt":"2025-09-22T21:12:12","guid":{"rendered":"https:\/\/www.europesays.com\/es\/132559\/"},"modified":"2025-09-22T21:12:12","modified_gmt":"2025-09-22T21:12:12","slug":"deseo-que-max-verstappen-y-yuki-tsunoda","status":"publish","type":"post","link":"https:\/\/www.europesays.com\/es\/132559\/","title":{"rendered":"Deseo que Max Verstappen y Yuki Tsunoda&#8230;"},"content":{"rendered":"<p data-journey-content=\"true\" data-node-id=\"3\" class=\"css-6wxqfj emevuu60\">Tras el GP de Gran Breta\u00f1a, el equipo Red Bull anunci\u00f3 la destituci\u00f3n de Christian Horner como jefe de equipo, un cargo en el que llevaba desde 2005 cuando los austriacos se incorporaron a la parrilla de F\u00f3rmula 1. A pesar de ello, el brit\u00e1nico segu\u00eda siendo miembro de los de la bebida energ\u00e9tica, hasta el d\u00eda de hoy, en el que han anunciado la marcha de exjefe, que tendr\u00e1 la opci\u00f3n de unirse a otro equipo de cara a la nueva reglamentaci\u00f3n de 2026.<\/p>\n<p>Christian Horner abandona Red Bull F1<\/p>\n<p data-journey-content=\"true\" data-node-id=\"7\" class=\"css-6wxqfj emevuu60\">Tras llegar a un acuerdo entre ambas partes, el equipo tendr\u00e1 que indemnizar al brit\u00e1nico por su salida del equipo. Cabe recordar que <a href=\"https:\/\/www.caranddriver.com\/es\/formula-1\/a65347264\/red-bull-despide-christian-horner-efecto-inmediato-futuro-max-verstappen-se-queda-en-aire\/\" target=\"_blank\" data-vars-ga-outbound-link=\"https:\/\/www.caranddriver.com\/es\/formula-1\/a65347264\/red-bull-despide-christian-horner-efecto-inmediato-futuro-max-verstappen-se-queda-en-aire\/\" data-vars-ga-ux-element=\"Hyperlink\" data-vars-ga-call-to-action=\"Christian Horner ten\u00eda contrato con Red Bull hasta 2030,\" data-node-id=\"7.1\" class=\"body-link css-168zq96 emevuu60\" rel=\"nofollow noopener\">Christian Horner ten\u00eda contrato con Red Bull hasta 2030,<\/a> <strong data-node-id=\"7.3\">por lo que dejaba atr\u00e1s un proyecto con el que hab\u00eda logrado ganarlo todo en los \u00faltimos a\u00f1os, de la mano de Sergio P\u00e9rez y Max Verstappen<\/strong>. Antes de esta etapa, tambi\u00e9n logr\u00f3 cuatro campeonatos de pilotos consecutivos junto a Sebastian Vettel entre 2010 y 2013.<\/p>\n<p data-journey-content=\"true\" data-node-id=\"9\" class=\"css-6wxqfj emevuu60\">Una decisi\u00f3n que, como consecuencia, hizo que Laurent Mekies fuera el nuevo jefe de la escuder\u00eda, <strong data-node-id=\"9.1\">algo que el propio Helmut Marko ha querido ratificar, asegurando que este cambio de aires <a href=\"https:\/\/www.caranddriver.com\/es\/formula-1\/a66156648\/helmut-marko-sincera-abrupta-salida-christian-horner-red-bull-f1-correcta\/\" target=\"_blank\" data-vars-ga-outbound-link=\"https:\/\/www.caranddriver.com\/es\/formula-1\/a66156648\/helmut-marko-sincera-abrupta-salida-christian-horner-red-bull-f1-correcta\/\" data-vars-ga-ux-element=\"Hyperlink\" data-vars-ga-call-to-action=\"le viene bien a la escuder\u00eda de cara a la nueva normativa\" data-node-id=\"9.1.1\" class=\"body-link css-168zq96 emevuu60\" rel=\"nofollow noopener\">le viene bien a la escuder\u00eda de cara a la nueva normativa<\/a><\/strong><a href=\"https:\/\/www.caranddriver.com\/es\/formula-1\/a66156648\/helmut-marko-sincera-abrupta-salida-christian-horner-red-bull-f1-correcta\/\" target=\"_blank\" data-vars-ga-outbound-link=\"https:\/\/www.caranddriver.com\/es\/formula-1\/a66156648\/helmut-marko-sincera-abrupta-salida-christian-horner-red-bull-f1-correcta\/\" data-vars-ga-ux-element=\"Hyperlink\" data-vars-ga-call-to-action=\".\" data-node-id=\"9.2\" class=\"body-link css-168zq96 emevuu60\" rel=\"nofollow noopener\">.<\/a> Ahora que de manera oficial Christian Horner ya no forma parte de Red Bull, el brit\u00e1nico ha querido mandarle un emotivo mensaje a Max Verstappen y Yuki Tsunoda de cara al futuro, de los que espera grandes logros.<\/p>\n<p><img draggable=\"true\" alt=\"christian horner red bull f1\" title=\"Christian Horner Red Bull F1\" loading=\"lazy\" width=\"3748\" height=\"2498\" decoding=\"async\" data-nimg=\"1\" style=\"color:transparent;width:100%;height:auto;\"   src=\"https:\/\/www.europesays.com\/es\/wp-content\/uploads\/2025\/09\/gettyimages-2208200520-68d1633189322.jpg\" class=\"css-0 e1g79fud0\"\/><a target=\"_blank\" rel=\"noopener nofollow\" data-theme-key=\"base-link\" href=\"https:\/\/pinterest.com\/pin\/create\/button\/?url=https:\/\/www.caranddriver.com\/es\/formula-1\/a68001314\/christian-horner-mensaje-salida-red-bull-deseo-max-verstappen-yuki-tsunoda\/&amp;description=&amp;media=https:\/\/hips.hearstapps.com\/hmg-prod\/images\/gettyimages-2208200520-68d1633189322.jpg?resize=1600:*\" class=\"pinterest css-on9hn5 e1c1bym14\"><img decoding=\"async\" data-dynamic-svg=\"true\" src=\"https:\/\/www.caranddriver.com\/_assets\/design-tokens\/fre\/static\/icons\/social\/pinterest.e8cf655.svg?primary=%2523ffffff\" loading=\"lazy\" data-testid=\"dynamic-svg-base\" height=\"auto\" width=\"auto\" alt=\"pinterest\" class=\"css-4lml0h e1mlxuuw1\"\/><\/a><\/p>\n<p>TOSHIFUMI KITAMURA<\/p>\n<p data-journey-content=\"true\" data-node-id=\"14\" class=\"css-6wxqfj emevuu60\">\u201cCuando empezamos en 2005, ninguno de nosotros pod\u00eda imaginar el viaje que nos esperaba: los campeonatos, <strong data-node-id=\"14.1\">las carreras, la gente, los recuerdos. Estoy incre\u00edblemente orgulloso de lo que conseguimos como equipo,<\/strong> batiendo r\u00e9cords y alcanzando cotas que nadie hubiera cre\u00eddo jam\u00e1s posibles, y siempre llevar\u00e9 eso conmigo\u201d, dec\u00eda el exjefe de Red Bull.<\/p>\n<p data-journey-content=\"true\" data-node-id=\"16\" class=\"css-6wxqfj emevuu60\">\u201cSin embargo, para m\u00ed la mayor satisfacci\u00f3n ha sido reunir y liderar al grupo m\u00e1s incre\u00edble de personas con talento y motivaci\u00f3n, <strong data-node-id=\"16.1\">verles florecer como filial de una empresa de bebidas energ\u00e9ticas y verles enfrentarse <\/strong>y vencer a algunas de las marcas automovil\u00edsticas m\u00e1s importantes del mundo\u201d, prosigui\u00f3.<\/p>\n<p data-journey-content=\"true\" data-node-id=\"18\" class=\"css-6wxqfj emevuu60\">\u201cDeseo a <strong data-node-id=\"18.1\">Max Verstappen, Yuki Tsunoda y a todo el Red Bull Technology Group lo mejor para el futuro. <\/strong>Estoy seguro de que, como siempre, conseguir\u00e1n \u00e9xitos en la pista, para nuestros fans, y seguir\u00e1n empujando al m\u00e1ximo y espero ver el primer motor Red Bull Ford en la parte trasera del RB22 el pr\u00f3ximo a\u00f1o, as\u00ed como el emocionante RB17\u201d, concluy\u00f3 Christian Horner.<\/p>\n<p data-journey-content=\"true\" data-node-id=\"20\" class=\"css-6wxqfj emevuu60\">Es as\u00ed como el <a href=\"https:\/\/www.caranddriver.com\/es\/formula-1\/equipos\/a3485\/red-bull\/\" target=\"_blank\" data-vars-ga-outbound-link=\"https:\/\/www.caranddriver.com\/es\/formula-1\/equipos\/a3485\/red-bull\/\" data-vars-ga-ux-element=\"Hyperlink\" data-vars-ga-call-to-action=\"exjefe de Red Bull\" data-node-id=\"20.1\" class=\"body-link css-168zq96 emevuu60\" rel=\"nofollow noopener\">exjefe de Red Bull<\/a> ha querido mandar un emotivo mensaje a la pareja de pilotos de los austriacos. <\/p>\n<p>Contenidos relacionados<\/p>\n","protected":false},"excerpt":{"rendered":"Tras el GP de Gran Breta\u00f1a, el equipo Red Bull anunci\u00f3 la destituci\u00f3n de Christian Horner como jefe&hellip;\n","protected":false},"author":2,"featured_media":132560,"comment_status":"","ping_status":"","sticky":false,"template":"","format":"standard","meta":{"footnotes":""},"categories":[270],"tags":[168,253,25,24,306,271,272,23,167],"class_list":{"0":"post-132559","1":"post","2":"type-post","3":"status-publish","4":"format-standard","5":"has-post-thumbnail","7":"category-formula-1","8":"tag-deportes","9":"tag-discover","10":"tag-es","11":"tag-espana","12":"tag-f1","13":"tag-formula-1","14":"tag-formula1","15":"tag-spain","16":"tag-sports"},"share_on_mastodon":{"url":"","error":""},"_links":{"self":[{"href":"https:\/\/www.europesays.com\/es\/wp-json\/wp\/v2\/posts\/132559","targetHints":{"allow":["GET"]}}],"collection":[{"href":"https:\/\/www.europesays.com\/es\/wp-json\/wp\/v2\/posts"}],"about":[{"href":"https:\/\/www.europesays.com\/es\/wp-json\/wp\/v2\/types\/post"}],"author":[{"embeddable":true,"href":"https:\/\/www.europesays.com\/es\/wp-json\/wp\/v2\/users\/2"}],"replies":[{"embeddable":true,"href":"https:\/\/www.europesays.com\/es\/wp-json\/wp\/v2\/comments?post=132559"}],"version-history":[{"count":0,"href":"https:\/\/www.europesays.com\/es\/wp-json\/wp\/v2\/posts\/132559\/revisions"}],"wp:featuredmedia":[{"embeddable":true,"href":"https:\/\/www.europesays.com\/es\/wp-json\/wp\/v2\/media\/132560"}],"wp:attachment":[{"href":"https:\/\/www.europesays.com\/es\/wp-json\/wp\/v2\/media?parent=132559"}],"wp:term":[{"taxonomy":"category","embeddable":true,"href":"https:\/\/www.europesays.com\/es\/wp-json\/wp\/v2\/categories?post=132559"},{"taxonomy":"post_tag","embeddable":true,"href":"https:\/\/www.europesays.com\/es\/wp-json\/wp\/v2\/tags?post=132559"}],"curies":[{"name":"wp","href":"https:\/\/api.w.org\/{rel}","templated":true}]}}