{"id":132561,"date":"2025-09-22T21:13:16","date_gmt":"2025-09-22T21:13:16","guid":{"rendered":"https:\/\/www.europesays.com\/es\/132561\/"},"modified":"2025-09-22T21:13:16","modified_gmt":"2025-09-22T21:13:16","slug":"una-pretemporada-con-excesivos-sobresaltos","status":"publish","type":"post","link":"https:\/\/www.europesays.com\/es\/132561\/","title":{"rendered":"Una pretemporada con excesivos sobresaltos"},"content":{"rendered":"<p>\n        El Baskonia encara ya la recta final de una accidentada pretemporada. Al margen de tratar de ensamblar a los numerosos fichajes del verano <strong>\u2013algunos ni siquiera conoc\u00edan el baloncesto continental\u2013<\/strong>, sufrir la tard\u00eda llegada de los internacionales (Sedekerskis, Spagnolo y Luwawu-Cabarrot) tras su participaci\u00f3n en el Eurobasket y ver c\u00f3mo la ansiada contrataci\u00f3n del base (Nowell) se ha demorado m\u00e1s tiempo de la cuenta, <strong>Paolo Galbiati est\u00e1 sufriendo diversos sobresaltos<\/strong> a nivel f\u00edsico que han ralentizado la puesta a punto del equipo vitoriano.\n<\/p>\n<p class=\"article-body__text \">\n        Desde luego, el t\u00e9cnico italiano no lo est\u00e1 teniendo nada f\u00e1cil en sus primeros pasos al frente de la nave azulgrana. <strong>Demasiadas trabas para que el Baskonia alcance la velocidad de crucero que tanto desea<\/strong> y se empape de las se\u00f1as de identidad que dej\u00f3 bien claras durante la jornada de su presentaci\u00f3n.\n<\/p>\n<p>            <a href=\"https:\/\/www.noticiasdealava.eus\/baskonia\/2025\/09\/21\/oficial-markquis-nowell-ficha-baskonia-10109846.html\" title=\"Oficial: Markquis Nowell ficha por el Baskonia hasta 2027\" class=\"new__media\" rel=\"nofollow noopener\" target=\"_blank\"><\/p>\n<p>                <img alt=\"Oficial: Markquis Nowell ficha por el Baskonia hasta 2027\" data-src=\"https:\/\/estaticosgn-cdn.deia.eus\/clip\/fdc770c6-02ba-41ab-8e01-68132bc83233_16-9-aspect-ratio_default_0_x261y89.\" class=\"lozad\"\/><\/p>\n<p>        <\/a><\/p>\n<p>        <a href=\"https:\/\/www.noticiasdealava.eus\/baskonia\/2025\/09\/21\/oficial-markquis-nowell-ficha-baskonia-10109846.html\" title=\"Oficial: Markquis Nowell ficha por el Baskonia hasta 2027\" class=\"new__headline\" rel=\"nofollow noopener\" target=\"_blank\"><br \/>\n            Oficial: Markquis Nowell ficha por el Baskonia hasta 2027<br \/>\n        <\/a><\/p>\n<p class=\"article-body__text \">\n        Para ver ese grupo intenso, veloz y aguerrido que ejecute el plan preconcebido de jugar a muchas posesiones en cada partido y devuelva la ilusi\u00f3n al baskonismo tras los disgustos de la pasada temporada, <strong>es evidente que tocar\u00e1 armarse de paciencia<\/strong>. As\u00ed se deduce de los problemas que sobrevuelan alrededor de un equipo que todav\u00eda desconoce la victoria hasta la fecha.\n<\/p>\n<p class=\"article-body__text \">\n        Las derrotas ante el San Pablo Burgos, Valencia Basket y Real Madrid <strong>son los de menos<\/strong> a estas alturas de la temporada donde el resultado queda en un segundo plano.\n<\/p>\n<p>        Para ver ese grupo intenso, veloz y aguerrido que ejecute el plan preconcebido de jugar a muchas posesiones en cada partido y devuelva la ilusi\u00f3n al baskonismo tras los disgustos de la pasada temporada, es evidente que tocar\u00e1 armarse de paciencia<\/p>\n<p class=\"article-body__text \">\n        En cambio, s\u00ed anida la sensaci\u00f3n de que, a falta de poco m\u00e1s de una semana para el descorche oficial de la campa\u00f1a con el bautismo continental ante el Olympiacos en el Buesa Arena, el Baskonia <strong>es un conjunto cogido con pinzas <\/strong>que llegar\u00e1 muy justo a dicha cita en cuanto a rodaje y qu\u00edmica colectiva.\n<\/p>\n<p class=\"article-body__text \">\n        Sin embargo, <strong>el tiempo ya se le ha echado encima a la escuadra alavesa <\/strong>y no queda otro remedio que afinar la puesta a punto en la centrifugadora de Zurbano con el fin de ahuyentar viejos fantasmas.\n<\/p>\n<p>  Justo de efectivos <\/p>\n<p class=\"article-body__text \">\n        Sobra decir que conviene arrancar fuerte <strong>para no comprometer, por ejemplo, el billete hacia la Copa del Rey<\/strong> o quedar descabalgado a las primeras de cambio de la \u00e1spera pelea por el Top 8 en una Euroliga repleta de miuras.\n<\/p>\n<p class=\"article-body__text \">\n        A la espera del inminente aterrizaje de Markquis Nowell, sin un plazo para la vuelta de Mamadi Diakite y con Tadas Sedekerskis y Markus Howard pendientes de recibir el alta tras sus respectivas dolencias f\u00edsicas, <strong>Paolo Galbiati dispone de menos armas de las que le gustar\u00eda<\/strong> para encarar el exigente arranque de campa\u00f1a.\n<\/p>\n<p class=\"article-body__text \">\n        Esta semana aguardan dos nuevos amistosos ante rivales asequibles como el Pallacanestro Trieste (Trofeo Diputaci\u00f3n) y el Bilbao Basket (Euskal Kopa) que deber\u00e1n servir para que <strong>el Baskonia pueda sumar efectivos para la causa y gane paulatinamente en confianza<\/strong>.\n<\/p>\n<p>            <a href=\"https:\/\/www.noticiasdealava.eus\/baskonia\/2025\/09\/20\/diezmado-baskonia-rinde-logica-real-10108557.html\" title=\"Un diezmado Baskonia se rinde a la l\u00f3gica ante el Real Madrid (87-80)\" class=\"new__media\" rel=\"nofollow noopener\" target=\"_blank\"><\/p>\n<p>                <img alt=\"Un diezmado Baskonia se rinde a la l\u00f3gica ante el Real Madrid (87-80)\" data-src=\"https:\/\/www.europesays.com\/es\/wp-content\/uploads\/2025\/09\/73e3a386-b518-4044-9e5d-ca6595bebacc_16-9-aspect-ratio_default_0_x468y730.jpg\" class=\"lozad\"\/><\/p>\n<p>        <\/a><\/p>\n<p>        <a href=\"https:\/\/www.noticiasdealava.eus\/baskonia\/2025\/09\/20\/diezmado-baskonia-rinde-logica-real-10108557.html\" title=\"Un diezmado Baskonia se rinde a la l\u00f3gica ante el Real Madrid (87-80)\" class=\"new__headline\" rel=\"nofollow noopener\" target=\"_blank\"><br \/>\n            Un diezmado Baskonia se rinde a la l\u00f3gica ante el Real Madrid (87-80)<br \/>\n        <\/a><\/p>\n<p class=\"article-body__text \">\n        En estos primeros partidos estivales han salido a la luz los t\u00edpicos defectos de cualquier pretemporada donde prima la necesidad de acumular kil\u00f3metros en las piernas. <strong>La poca clarividencia en el juego est\u00e1tico, las excesivas p\u00e9rdidas de bal\u00f3n o las desatenciones en el cierre del rebote <\/strong>deber\u00e1n ir corrigi\u00e9ndose poco a poco en aras de que el Baskonia se convierta en un hueso duro de roer para los grandes transatl\u00e1nticos.\n<\/p>\n<p class=\"article-photo__footer\">\n            Spagnolo se ha incorporado tarde al equipo tras disputar el Europeo            \u00c1rea 11        <\/p>\n<p>  Frisch, nota positiva<\/p>\n<p class=\"article-body__text \">\n        Y todo ello mientras los componentes del plantel buscan un punto de forma ideal. <strong>En el lado positivo de la balanza, Cl\u00e9ment Frisch ha causado una grata impresi\u00f3n entre los nuevos fichajes<\/strong>. El ala-p\u00edvot franc\u00e9s, de gatillo f\u00e1cil, se fue hasta los 20 puntos ante el Real Madrid gracias a su pegada y eficacia desde la larga distancia.\n<\/p>\n<p class=\"article-body__text \">\n        Mientras las restantes caras nuevas empiezan a presentar sus credenciales, <strong>ser\u00e1n jugadores de la vieja guardia como Forrest, Luwawu-Cabarrot, Samanic o Diop<\/strong> quienes deban asumir la tarea de liderar al Baskonia en este tramo inicial de una campa\u00f1a que se presume agotadora a nivel f\u00edsico y mental.<\/p>\n","protected":false},"excerpt":{"rendered":"El Baskonia encara ya la recta final de una accidentada pretemporada. Al margen de tratar de ensamblar a&hellip;\n","protected":false},"author":2,"featured_media":132562,"comment_status":"","ping_status":"","sticky":false,"template":"","format":"standard","meta":{"footnotes":""},"categories":[269],"tags":[299,298,4714,168,25,24,20031,17490,39075,961,19836,23,167],"class_list":{"0":"post-132561","1":"post","2":"type-post","3":"status-publish","4":"format-standard","5":"has-post-thumbnail","7":"category-baloncesto","8":"tag-baloncesto","9":"tag-basketball","10":"tag-baskonia","11":"tag-deportes","12":"tag-es","13":"tag-espana","14":"tag-excesivos","15":"tag-galbiati","16":"tag-olympiacos","17":"tag-pretemporada","18":"tag-sobresaltos","19":"tag-spain","20":"tag-sports"},"share_on_mastodon":{"url":"","error":""},"_links":{"self":[{"href":"https:\/\/www.europesays.com\/es\/wp-json\/wp\/v2\/posts\/132561","targetHints":{"allow":["GET"]}}],"collection":[{"href":"https:\/\/www.europesays.com\/es\/wp-json\/wp\/v2\/posts"}],"about":[{"href":"https:\/\/www.europesays.com\/es\/wp-json\/wp\/v2\/types\/post"}],"author":[{"embeddable":true,"href":"https:\/\/www.europesays.com\/es\/wp-json\/wp\/v2\/users\/2"}],"replies":[{"embeddable":true,"href":"https:\/\/www.europesays.com\/es\/wp-json\/wp\/v2\/comments?post=132561"}],"version-history":[{"count":0,"href":"https:\/\/www.europesays.com\/es\/wp-json\/wp\/v2\/posts\/132561\/revisions"}],"wp:featuredmedia":[{"embeddable":true,"href":"https:\/\/www.europesays.com\/es\/wp-json\/wp\/v2\/media\/132562"}],"wp:attachment":[{"href":"https:\/\/www.europesays.com\/es\/wp-json\/wp\/v2\/media?parent=132561"}],"wp:term":[{"taxonomy":"category","embeddable":true,"href":"https:\/\/www.europesays.com\/es\/wp-json\/wp\/v2\/categories?post=132561"},{"taxonomy":"post_tag","embeddable":true,"href":"https:\/\/www.europesays.com\/es\/wp-json\/wp\/v2\/tags?post=132561"}],"curies":[{"name":"wp","href":"https:\/\/api.w.org\/{rel}","templated":true}]}}