{"id":132567,"date":"2025-09-22T21:16:17","date_gmt":"2025-09-22T21:16:17","guid":{"rendered":"https:\/\/www.europesays.com\/es\/132567\/"},"modified":"2025-09-22T21:16:17","modified_gmt":"2025-09-22T21:16:17","slug":"visita-gratis-estos-edificios-secretos","status":"publish","type":"post","link":"https:\/\/www.europesays.com\/es\/132567\/","title":{"rendered":"visita gratis estos edificios secretos"},"content":{"rendered":"<p>\t\t\t\t\t\t\t\t\t\t\t\t\t\t\t\t\t\t\t\t\t\t<img decoding=\"async\" fetchpriority=\"high\" src=\"https:\/\/www.europesays.com\/es\/wp-content\/uploads\/2025\/09\/Centro-de-Ceramica-de-Triana-Semana-de-la-Arquitectura-Sevilla-2025-1024x684.jpg\" class=\"img-fluid\" alt=\"Centro de Cer\u00e1mica de Triana Semana de la Arquitectura Sevilla 2025\" width=\"1024\" height=\"684\"\/><br \/>\n\t\t\t\t\t\t\t\t\t\t\t\t\t\t\t\t\t\t\t\t\t\tCr\u00e9dito editorial: Anibal Trejo \/ Shutterstock.com<\/p>\n<p>La Semana de la Arquitectura se reserva en Sevilla <strong>una programaci\u00f3n que pormenoriza algunos de los hitos que han transformado la ciudad. <\/strong>El Colegio Oficial de Arquitectos de Sevilla (COAS) abre el 22 de septiembre las <a href=\"https:\/\/semanadelaarquitectura.com\/\" rel=\"nofollow noopener noreferrer\" target=\"_blank\" class=\"shortcode-outbound-link\" data-has-ga=\"true\" data-ga-type=\"click\" data-label=\"https:\/\/semanadelaarquitectura.com\/\" data-action=\"text_cta_0\" data-category=\"click_non_sales\">inscripciones para cada una de las rutas y actividades<\/a> que se han dise\u00f1ado en el contexto de esta cita, que celebra su XXIV edici\u00f3n <strong>del 6 al 11 de octubre.<\/strong><\/p>\n<p>Ser\u00e1n 5 las visitas guiadas que recorrer\u00e1n las distintas \u00e1reas de la ciudad y desvelar\u00e1n sus entresijos, principales elementos arquitect\u00f3nicos y edificios hist\u00f3ricos o de relevancia.<\/p>\n<p>El lunes 6 de octubre a las 12:30 horas se inaugurar\u00e1 la XXIV Semana de la Arquitectura en la sede. A las 20:00 horas MGM Morales de Giles Arquitectos ofrecer\u00e1n <strong>una conferencia en torno al premiado Lumen Learning Center y sus \u00faltimos proyectos.<\/strong><\/p>\n<p>Asimismo, la sala de exposiciones del COAS alojar\u00e1 la exposici\u00f3n \u00abVI Premios COAS Arquitectura y sociedad 2025\u00bb.<\/p>\n<p>A las rutas y visitas guiadas que se desgranan a continuaci\u00f3n hay que sumar las <a href=\"https:\/\/semanadelaarquitectura.com\/sesiones\" rel=\"nofollow noopener noreferrer\" target=\"_blank\" class=\"shortcode-outbound-link\" data-has-ga=\"true\" data-ga-type=\"click\" data-label=\"https:\/\/semanadelaarquitectura.com\/sesiones\" data-action=\"text_cta_1\" data-category=\"click_non_sales\">sesiones cr\u00edticas vespertinas en el marco de los premios COAS<\/a>. Se celebrar\u00e1n en el Sal\u00f3n de Actos y la entrada ser\u00e1 libre hasta completar aforo.<\/p>\n<p> Todas las rutas de la Semana de la Arquitectura <img fetchpriority=\"high\" decoding=\"async\" class=\"size-large wp-image-57935\" src=\"data:image\/svg+xml,%3Csvg%20xmlns=\" http:=\"\" alt=\"Semana de la Arquitectura Sevilla 2025\" width=\"1024\" height=\"683\" data-lazy- data-lazy- data-lazy-src=\"https:\/\/www.europesays.com\/es\/wp-content\/uploads\/2025\/09\/Semana-de-la-Arquitectura-Sevilla-2025-1024x683.jpg\"\/>Cr\u00e9dito editorial: Neirfy \/ Shutterstock.com <\/p>\n<p>Para un m\u00e1ximo de 30 personas, las rutas o paseos guiados las realizar\u00e1n arquitectos o arquitectas a lo largo de 5 \u00e1reas de la ciudad y son las que siguen:<\/p>\n<ul>\n<li><strong>Arquitectura contempor\u00e1nea en la Macarena.<\/strong> Se centrar\u00e1 en el Hospital de las Cinco Llagas, el Campus Macarena, el Instituto de Anatom\u00eda o las 121 viviendas de alquiler social de RGA Arquitectes y Antonio Cayuelas. El lunes 6 de octubre a las 10:00, 11:00, 16:30 y 17:30 horas.<\/li>\n<li><strong>La ruta de la Isla de la Cartuja <\/strong>discurrir\u00e1 por diversas sedes, claustros y pabellones as\u00ed como el Monasterio de la Cartuja. Las sesiones se han programado para el 7 de octubre a las 10:00, 11:00, 16:30 y 17:30 horas.<\/li>\n<li>La tercera ruta ahondar\u00e1 en el <strong>Aljarafe y la vivienda colectiva<\/strong>. Utop\u00edas y realidades es un paseo que se realizar\u00e1 en autob\u00fas y cuyo punto de encuentro ser\u00e1 la Plaza de Cuba. Salida el mi\u00e9rcoles 8 de octubre a las 9:30 horas.<\/li>\n<li>Por su parte, el 9 de octubre se recorrer\u00e1 <strong>Sevilla Este<\/strong>, sesiones a las 10:00, 11:00, 16:30 y 17:30 horas desde la comisar\u00eda de polic\u00eda del barrio.<\/li>\n<li>Por \u00faltimo, el viernes 10 de octubre se destinar\u00e1 la ruta a la universidad laboral, desde la plaza de la <strong>Pablo de Olavide<\/strong> a las 10:00, 11:00, 16:30 y 17:30 horas.<\/li>\n<\/ul>\n<p>Debido al aforo reducido de sendas rutas guiadas, <a href=\"https:\/\/semanadelaarquitectura.com\/rutas\" rel=\"nofollow noopener noreferrer\" target=\"_blank\" class=\"shortcode-outbound-link\" data-has-ga=\"true\" data-ga-type=\"click\" data-label=\"https:\/\/semanadelaarquitectura.com\/rutas\" data-action=\"text_cta_2\" data-category=\"click_non_sales\">es preciso inscribirse previamente<\/a> a trav\u00e9s de la web de la Semana de la Arquitectura.<\/p>\n<p> Visitas a edificios premiados <\/p>\n<ul>\n<li>Casa de los 9 p\u00f3rticos. Martes 7 de octubre a las 10:00 y a las 11:00 horas.<\/li>\n<li>Museo de cer\u00e1mica de Triana y Hotel Montalv\u00e1n. Punto de encuentro en la calle Callao, 16. Sesiones el martes 7 de octubre a las 11:00 y a las 17:00 horas.<\/li>\n<li>Hotel Posada del Lucero. Mi\u00e9rcoles 8 de octubre a las 11:00 y a las 17:00 horas.<\/li>\n<li>Centro de negocios Aer\u00f3polis. 8 de octubre a las 11:00 y a las 17:00 horas.<\/li>\n<li>Vivienda en el 110 de la calle Sol. 8 de octubre a las 12:00 y las 18:00 horas.<\/li>\n<li>Palacio de San Telmo, en Palos de la Frontera s\/n. 9 de octubre a las 10:00 y a las 11:30 horas.<\/li>\n<li>Palacio de deportes \/ Centro C\u00edvico Los Silos. 9 de octubre a las 11:00 y a las 17:00 horas.<\/li>\n<li>Espacio Mondo, en el 26 de la calle Escoberos. 10 de octubre a las 11:00 y a las 18:00 horas.<\/li>\n<\/ul>\n<p> <img loading=\"lazy\" decoding=\"async\" class=\"size-large wp-image-52906\" src=\"data:image\/svg+xml,%3Csvg%20xmlns=\" http:=\"\" alt=\"Conciertos gratis Palacio San Telmo\" width=\"1024\" height=\"683\" data-lazy- data-lazy- data-lazy-src=\"https:\/\/www.europesays.com\/es\/wp-content\/uploads\/2025\/09\/Conciertos-gratis-Palacio-San-Telmo-1024x683.jpg\"\/>Cr\u00e9dito editorial: pashamba \/ Shutterstock.com <strong>Jornada de dibujo callejero<\/strong> <\/p>\n<p>Esta edici\u00f3n recupera una de las m\u00e1s emblem\u00e1ticas actividades: la <strong>Jornada de dibujo callejero. <\/strong>Se trata de una actividad de dibujo arquitect\u00f3nico que invita a dibujantes urbanos, acuarelistas y aficionados al dibujo a realizar sendas creaciones en torno a la tem\u00e1tica de este a\u00f1o.<\/p>\n<p>\u00abSevilla premiada\u00bb ser\u00e1 el lema que esta edici\u00f3n persigue buscar puntos en los que ambas disciplinas se encuentren de forma abierta y libre.<\/p>\n<p>La actividad se desarrollar\u00e1 en el entorno del Parque de Mar\u00eda Luisa, con punto de encuentro en la Glorieta de Luis Montoto, a partir de las 10 de la ma\u00f1ana del s\u00e1bado 11 de octubre a las 10:00 horas.<\/p>\n<p>Posteriormente se celebrar\u00e1 una exposici\u00f3n, con fecha todav\u00eda por determinar, con los trabajos en cuesti\u00f3n en la <strong>sede del Colegio de Arquitectos de Sevilla<\/strong>. Las inscripciones, en todo caso, deber\u00e1n realizarse a trav\u00e9s del siguiente correo: jmlerdo@us.es.<\/p>\n","protected":false},"excerpt":{"rendered":"Cr\u00e9dito editorial: Anibal Trejo \/ Shutterstock.com La Semana de la Arquitectura se reserva en Sevilla una programaci\u00f3n que&hellip;\n","protected":false},"author":2,"featured_media":132568,"comment_status":"","ping_status":"","sticky":false,"template":"","format":"standard","meta":{"footnotes":""},"categories":[173],"tags":[229,233,231,230,232,234,146,147,25,24,23],"class_list":{"0":"post-132567","1":"post","2":"type-post","3":"status-publish","4":"format-standard","5":"has-post-thumbnail","7":"category-arte-y-diseno","8":"tag-arte","9":"tag-arte-y-diseno","10":"tag-arts","11":"tag-arts-and-design","12":"tag-design","13":"tag-diseno","14":"tag-entertainment","15":"tag-entretenimiento","16":"tag-es","17":"tag-espana","18":"tag-spain"},"share_on_mastodon":{"url":"","error":""},"_links":{"self":[{"href":"https:\/\/www.europesays.com\/es\/wp-json\/wp\/v2\/posts\/132567","targetHints":{"allow":["GET"]}}],"collection":[{"href":"https:\/\/www.europesays.com\/es\/wp-json\/wp\/v2\/posts"}],"about":[{"href":"https:\/\/www.europesays.com\/es\/wp-json\/wp\/v2\/types\/post"}],"author":[{"embeddable":true,"href":"https:\/\/www.europesays.com\/es\/wp-json\/wp\/v2\/users\/2"}],"replies":[{"embeddable":true,"href":"https:\/\/www.europesays.com\/es\/wp-json\/wp\/v2\/comments?post=132567"}],"version-history":[{"count":0,"href":"https:\/\/www.europesays.com\/es\/wp-json\/wp\/v2\/posts\/132567\/revisions"}],"wp:featuredmedia":[{"embeddable":true,"href":"https:\/\/www.europesays.com\/es\/wp-json\/wp\/v2\/media\/132568"}],"wp:attachment":[{"href":"https:\/\/www.europesays.com\/es\/wp-json\/wp\/v2\/media?parent=132567"}],"wp:term":[{"taxonomy":"category","embeddable":true,"href":"https:\/\/www.europesays.com\/es\/wp-json\/wp\/v2\/categories?post=132567"},{"taxonomy":"post_tag","embeddable":true,"href":"https:\/\/www.europesays.com\/es\/wp-json\/wp\/v2\/tags?post=132567"}],"curies":[{"name":"wp","href":"https:\/\/api.w.org\/{rel}","templated":true}]}}