{"id":132571,"date":"2025-09-22T21:18:13","date_gmt":"2025-09-22T21:18:13","guid":{"rendered":"https:\/\/www.europesays.com\/es\/132571\/"},"modified":"2025-09-22T21:18:13","modified_gmt":"2025-09-22T21:18:13","slug":"cuando-y-donde-ver-operacion-triunfo-2025-en-espana-hoy-se-emite-la-gala-1-con-las-primeras-nominaciones","status":"publish","type":"post","link":"https:\/\/www.europesays.com\/es\/132571\/","title":{"rendered":"\u00bfCu\u00e1ndo y d\u00f3nde ver &#8216;Operaci\u00f3n Triunfo 2025&#8217; en Espa\u00f1a? Hoy se emite la Gala 1 con las primeras nominaciones"},"content":{"rendered":"\n<p> <strong>Hace exactamente una semana que comenz\u00f3 <\/strong><strong>Operaci\u00f3n Triunfo 2025<\/strong>, nueva edici\u00f3n del popular y recordado talent show musical en el que un grupo de concursantes se forma en una academia de alto rendimiento para poder intentarlo en la industria musical. Y todav\u00eda algunos no sabes d\u00f3nde pueden ver este espacio de entretenimiento. <\/p>\n<p> Pues bien, en Espa\u00f1a, como pas\u00f3 con la edici\u00f3n anterior, <strong>se emite cada lunes a las 22:00 horas a trav\u00e9s de la plataforma Prime Video<\/strong> (por 4,99\u20ac al mes o 49,90\u20ac al a\u00f1o, pero si tienes entre 18 y 22 a\u00f1os o est\u00e1s estudiando lo tienes a mitad de precio). <strong>En riguroso directo desde Barcelona y presentado por <\/strong><a href=\"https:\/\/www.elconfidencial.com\/television\/programas-tv\/2025-09-15\/chenoa-operacion-triunfo-estreno-ot2025_4206281\/\" target=\"_blank\" rel=\"nofollow noopener\"><strong>Chenoa<\/strong><\/a>, tras la entrada de los 16 concursantes, hoy tendr\u00e1n lugar las primeras nominaciones. Por primera vez, desde M\u00e9xico, Argentina, Brasil, Colombia, Chile y Per\u00fa, tambi\u00e9n se puede ver en directo. <\/p>\n<p> El <strong>jurado<\/strong>, compuesto por <strong>Abraham Mateo, Leire Mart\u00ednez, Guille Milkyway y Cris Regatero<\/strong>, propondr\u00e1 a cuatro j\u00f3venes para la expulsi\u00f3n. Uno ser\u00e1 salvado por los profesores, otro por los compa\u00f1eros y los dos que queden se pondr\u00e1n en manos de la audiencia durante toda una semana. El lunes 29 tendr\u00e1 lugar la primera expulsi\u00f3n. <\/p>\n<p>                Fotograma de la Gala 0 de &#8216;OT 2025&#8217;. (Prime Video)            <\/p>\n<p> Pero antes de todo esto, <a href=\"https:\/\/www.elconfidencial.com\/television\/programas-tv\/2025-09-17\/miriam-rodriguez-ot2025-prime-video-declaraciones_4206282\/\" target=\"_blank\" rel=\"nofollow noopener\"><strong>Miriam Rodr\u00edguez<\/strong><\/a>, presentadora de Conexi\u00f3n OT, el programa que se ofrece de martes a s\u00e1bado a las 20:00 horas en Prime Video, <strong>dir\u00e1 el nombre del concursante favorito<\/strong> por el p\u00fablico (elegido a trav\u00e9s de la app). Esta persona no podr\u00e1 ser nominado o nominada, obtendr\u00e1 3.000 euros y podr\u00e1 desempatar en caso de empate a la hora de salvar a un nominado. <\/p>\n<p>            As\u00ed es &#8216;Operaci\u00f3n Triunfo&#8217;           <\/p>\n<p> El talent show musical espa\u00f1ol sigue a un grupo de concursantes que ingresan en una Academia para formarse y demostrar su talento como cantantes y artistas. Cada semana, en una gala con p\u00fablico en directo en Terrassa (Barcelona), los concursantes deben competir y demostrar sus habilidades sobre el escenario. <strong>Operaci\u00f3n Triunfo<\/strong><strong> se estren\u00f3 en 2001<\/strong>, convirti\u00e9ndose en un fen\u00f3meno nacional, siendo todav\u00eda la final de su primera edici\u00f3n el momento m\u00e1s visto de la historia de un programa de televisi\u00f3n en Espa\u00f1a. <\/p>\n<p> Operaci\u00f3n Triunfo ha regresado a Prime Video tras el \u00e9xito de su edici\u00f3n de 2023, que se consolid\u00f3 como un fen\u00f3meno social y digital, convirti\u00e9ndose en el <strong>estreno nacional m\u00e1s visto en la historia de Prime Video en Espa\u00f1a<\/strong> y en el contenido original local que m\u00e1s suscripciones nuevas ha generado desde el lanzamiento del servicio en Espa\u00f1a. <\/p>\n<p> <strong>Hace exactamente una semana que comenz\u00f3 <\/strong><strong>Operaci\u00f3n Triunfo 2025<\/strong>, nueva edici\u00f3n del popular y recordado talent show musical en el que un grupo de concursantes se forma en una academia de alto rendimiento para poder intentarlo en la industria musical. Y todav\u00eda algunos no sabes d\u00f3nde pueden ver este espacio de entretenimiento. <\/p>\n","protected":false},"excerpt":{"rendered":"Hace exactamente una semana que comenz\u00f3 Operaci\u00f3n Triunfo 2025, nueva edici\u00f3n del popular y recordado talent show musical&hellip;\n","protected":false},"author":2,"featured_media":132572,"comment_status":"","ping_status":"","sticky":false,"template":"","format":"standard","meta":{"footnotes":""},"categories":[171],"tags":[146,147,25,24,23,214],"class_list":{"0":"post-132571","1":"post","2":"type-post","3":"status-publish","4":"format-standard","5":"has-post-thumbnail","7":"category-tv","8":"tag-entertainment","9":"tag-entretenimiento","10":"tag-es","11":"tag-espana","12":"tag-spain","13":"tag-tv"},"share_on_mastodon":{"url":"","error":""},"_links":{"self":[{"href":"https:\/\/www.europesays.com\/es\/wp-json\/wp\/v2\/posts\/132571","targetHints":{"allow":["GET"]}}],"collection":[{"href":"https:\/\/www.europesays.com\/es\/wp-json\/wp\/v2\/posts"}],"about":[{"href":"https:\/\/www.europesays.com\/es\/wp-json\/wp\/v2\/types\/post"}],"author":[{"embeddable":true,"href":"https:\/\/www.europesays.com\/es\/wp-json\/wp\/v2\/users\/2"}],"replies":[{"embeddable":true,"href":"https:\/\/www.europesays.com\/es\/wp-json\/wp\/v2\/comments?post=132571"}],"version-history":[{"count":0,"href":"https:\/\/www.europesays.com\/es\/wp-json\/wp\/v2\/posts\/132571\/revisions"}],"wp:featuredmedia":[{"embeddable":true,"href":"https:\/\/www.europesays.com\/es\/wp-json\/wp\/v2\/media\/132572"}],"wp:attachment":[{"href":"https:\/\/www.europesays.com\/es\/wp-json\/wp\/v2\/media?parent=132571"}],"wp:term":[{"taxonomy":"category","embeddable":true,"href":"https:\/\/www.europesays.com\/es\/wp-json\/wp\/v2\/categories?post=132571"},{"taxonomy":"post_tag","embeddable":true,"href":"https:\/\/www.europesays.com\/es\/wp-json\/wp\/v2\/tags?post=132571"}],"curies":[{"name":"wp","href":"https:\/\/api.w.org\/{rel}","templated":true}]}}