{"id":132577,"date":"2025-09-22T21:21:12","date_gmt":"2025-09-22T21:21:12","guid":{"rendered":"https:\/\/www.europesays.com\/es\/132577\/"},"modified":"2025-09-22T21:21:12","modified_gmt":"2025-09-22T21:21:12","slug":"desde-que-llegue-a-espana-intento-buscar-sitios-para-comer-el-mejor-jamon","status":"publish","type":"post","link":"https:\/\/www.europesays.com\/es\/132577\/","title":{"rendered":"Desde que llegu\u00e9 a Espa\u00f1a intento buscar sitios para comer el mejor jam\u00f3n"},"content":{"rendered":"\n<ul class=\"bodyList bodyList--unordered\">\n<li class=\"bodyList__item\"><a href=\"https:\/\/www.elconfidencial.com\/deportes\/futbol\/liga\/2025-09-22\/mediapunta-madrid-gol-victoria-1hms_4213453\/\" target=\"_self\" rel=\"nofollow noopener\">Arda G\u00fcler, Mastantuono, Bellingham y la naturaleza tr\u00e1gica del mediapunta madridista<\/a><\/li>\n<li class=\"bodyList__item\"><a href=\"https:\/\/www.elconfidencial.com\/deportes\/futbol\/2025-09-22\/un-balon-de-oro-sin-el-real-madrid-ni-el-ganador_4213326\/\" target=\"_self\" rel=\"nofollow noopener\">El Bal\u00f3n de Oro es la tormenta perfecta sin Madrid ni PSG&#8230; y otra espa\u00f1ola como favorita<\/a><\/li>\n<\/ul>\n<p> <strong><a href=\"https:\/\/www.elconfidencial.com\/deportes\/futbol\/liga\/2025-09-20\/real-madrid-espanyol-cronica-santiago-bernabeu_4213039\/\" target=\"_self\" rel=\"nofollow noopener\">Mbapp\u00e9 <\/a><\/strong>est\u00e1 viviendo su mejor momento deportivo en el<a href=\"https:\/\/www.elconfidencial.com\/deportes\/futbol\/liga\/2025-09-21\/vinicius-xabi-alonso-real-madrid-cambio-enfado-espanyol_4213094\/\" target=\"_self\" rel=\"nofollow noopener\"> Real Madrid.<\/a> Su primera temporada no tuvo un inicio f\u00e1cil pero poco a poco se fue ganando a los aficionados y termin\u00f3 la temporada con <strong>44 goles<\/strong>, proclam\u00e1ndose como <strong>Bota de Oro. <\/strong> <\/p>\n<p> Este curso lo ha empezado como el <a href=\"https:\/\/www.elconfidencial.com\/deportes\/futbol\/champions\/2025-09-18\/real-madrid-xabi-alonso-claves-revolucion-equipo-estilo-futbol_4210613\/\" target=\"_self\" rel=\"nofollow noopener\">gran l\u00edder de la plantilla<\/a>, marcando <strong>siete goles en los primeros seis partidos<\/strong>, y viendo una versi\u00f3n nueva siendo el primero en salir a presionar a los rivales. <\/p>\n<p>              <img decoding=\"async\" class=\"inTextNews__img\" alt=\"Foto: real-madrid-espanyol-cronica-santiago-bernabeu\" src=\"https:\/\/www.europesays.com\/es\/wp-content\/uploads\/2025\/09\/f.elconfidencial.com\/original\/df7\/aee\/f0d\/df7aeef0db846ac55d4a33c4002df1d8.jpg\"  \/>     <\/p>\n<p>TE PUEDE INTERESAR<\/p>\n<p>      <a class=\"inTextNews__title\" href=\"https:\/\/www.elconfidencial.com\/deportes\/futbol\/liga\/2025-09-20\/real-madrid-espanyol-cronica-santiago-bernabeu_4213039\/\" onclick=\"window.ECCO.emit(&#039;amplitude&#039;, { dataEventName: &#039;click_related_article_module&#039;, data: { related_article_url: &#039;https:\/\/www.elconfidencial.com\/deportes\/futbol\/liga\/2025-09-20\/real-madrid-espanyol-cronica-santiago-bernabeu_4213039\/&#039;, related_article_author: &#039;Rub\u00e9n Rodr\u00edguez&#039;, related_article_section: &#039;liga&#039; } })\" rel=\"nofollow noopener\" target=\"_blank\"> Mbapp\u00e9 lo quiere todo: el Real Madrid baila al ritmo de su estrella y es a\u00fan m\u00e1s l\u00edder de LaLiga <\/a>   <\/p>\n<p>    Rub\u00e9n Rodr\u00edguez   <\/p>\n<p> El deseo del franc\u00e9s siempre fue jugar en el<strong> Real Madrid<\/strong> y eso facilit\u00f3 su adaptaci\u00f3n a la cultura espa\u00f1ola. Al poco tiempo de llegar, <strong>ya se defend\u00eda en castellano<\/strong>, hablando con los medios y con sus compa\u00f1eros. <\/p>\n<p> Mbapp\u00e9 tambi\u00e9n se ha encandilado de la <strong>gastronom\u00eda de Espa\u00f1a<\/strong>, concretamente de un plato muy caracter\u00edstico. Esto se pudo descubrir en un encuentro que tuvo el futbolista con <strong>Ibai Llanos. <\/strong> <\/p>\n<p> El streamer lo entrevist\u00f3 y le ofreci\u00f3 una caja misteriosa que guardaba dentro jam\u00f3n y un queso manchego. Al verlo, <strong>Kylian <\/strong>dijo:<strong> \u00abLa combinaci\u00f3n me encanta\u00bb. <\/strong>Para despu\u00e9s desvelar su gran debilidad por la gastronom\u00eda espa\u00f1ola: <strong>\u00abDesde que he llegado a Espa\u00f1a, intento buscar los sitios para comer jam\u00f3n\u00bb<\/strong>, le confes\u00f3 a Ibai. <\/p>\n","protected":false},"excerpt":{"rendered":"Arda G\u00fcler, Mastantuono, Bellingham y la naturaleza tr\u00e1gica del mediapunta madridista El Bal\u00f3n de Oro es la tormenta&hellip;\n","protected":false},"author":2,"featured_media":132578,"comment_status":"","ping_status":"","sticky":false,"template":"","format":"standard","meta":{"footnotes":""},"categories":[93],"tags":[168,25,24,23,167],"class_list":{"0":"post-132577","1":"post","2":"type-post","3":"status-publish","4":"format-standard","5":"has-post-thumbnail","7":"category-deportes","8":"tag-deportes","9":"tag-es","10":"tag-espana","11":"tag-spain","12":"tag-sports"},"share_on_mastodon":{"url":"","error":""},"_links":{"self":[{"href":"https:\/\/www.europesays.com\/es\/wp-json\/wp\/v2\/posts\/132577","targetHints":{"allow":["GET"]}}],"collection":[{"href":"https:\/\/www.europesays.com\/es\/wp-json\/wp\/v2\/posts"}],"about":[{"href":"https:\/\/www.europesays.com\/es\/wp-json\/wp\/v2\/types\/post"}],"author":[{"embeddable":true,"href":"https:\/\/www.europesays.com\/es\/wp-json\/wp\/v2\/users\/2"}],"replies":[{"embeddable":true,"href":"https:\/\/www.europesays.com\/es\/wp-json\/wp\/v2\/comments?post=132577"}],"version-history":[{"count":0,"href":"https:\/\/www.europesays.com\/es\/wp-json\/wp\/v2\/posts\/132577\/revisions"}],"wp:featuredmedia":[{"embeddable":true,"href":"https:\/\/www.europesays.com\/es\/wp-json\/wp\/v2\/media\/132578"}],"wp:attachment":[{"href":"https:\/\/www.europesays.com\/es\/wp-json\/wp\/v2\/media?parent=132577"}],"wp:term":[{"taxonomy":"category","embeddable":true,"href":"https:\/\/www.europesays.com\/es\/wp-json\/wp\/v2\/categories?post=132577"},{"taxonomy":"post_tag","embeddable":true,"href":"https:\/\/www.europesays.com\/es\/wp-json\/wp\/v2\/tags?post=132577"}],"curies":[{"name":"wp","href":"https:\/\/api.w.org\/{rel}","templated":true}]}}