{"id":132581,"date":"2025-09-22T21:23:08","date_gmt":"2025-09-22T21:23:08","guid":{"rendered":"https:\/\/www.europesays.com\/es\/132581\/"},"modified":"2025-09-22T21:23:08","modified_gmt":"2025-09-22T21:23:08","slug":"hallados-muertos-los-musicos-colombianos-b-king-y-regio-clown-desaparecidos-en-mexico","status":"publish","type":"post","link":"https:\/\/www.europesays.com\/es\/132581\/","title":{"rendered":"Hallados muertos los m\u00fasicos colombianos B-King y Regio Clown desaparecidos en M\u00e9xico"},"content":{"rendered":"<p class=\"\">La Fiscal\u00eda de Estado de M\u00e9xico ha confirmado el hallazgo sin vida de los m\u00fasicos colombianos de m\u00fasica urbana <a href=\"https:\/\/elpais.com\/mexico\/2025-09-22\/la-desaparicion-de-los-musicos-colombianos-b-king-y-regio-clown-en-ciudad-de-mexico-activa-la-maquinaria-diplomatica-para-su-busqueda.html\" target=\"_self\" rel=\"nofollow noopener\" title=\"https:\/\/elpais.com\/mexico\/2025-09-22\/la-desaparicion-de-los-musicos-colombianos-b-king-y-regio-clown-en-ciudad-de-mexico-activa-la-maquinaria-diplomatica-para-su-busqueda.html\">Bayron S\u00e1nchez \u2014B-King, por su nombre art\u00edstico\u2014, y del DJ Jorge Luis Herrera Lemos, conocido como Regio Clown<\/a>. Los artistas fueron vistos por \u00faltima vez el 16 de septiembre y desde entonces se encontraban desaparecidos. Este lunes, los familiares de S\u00e1nchez lo han reconocido durante una diligencia realizada en la subprocuradur\u00eda regional del municipio de Tlalnepantla del Ministerio P\u00fablico de Estado de M\u00e9xico, en San Pedro Barrientos.<\/p>\n<p>M\u00e1s informaci\u00f3n<\/p>\n<p class=\"\">De acuerdo con la investigaci\u00f3n pericial de la Fiscal\u00eda de Estado de M\u00e9xico, el hallazgo de dos personas fallecidas que fueron localizadas el 17 de septiembre en el municipio de Cocotitl\u00e1n coinciden con el perfil de S\u00e1nchez y Herrera. La Fiscal\u00eda General de Justicia de Ciudad de M\u00e9xico y la Comisi\u00f3n de B\u00fasqueda de Personas de la capital han coadyuvado con las labores de b\u00fasqueda, localizaci\u00f3n e investigaci\u00f3n relacionadas con el reporte de desaparici\u00f3n de los m\u00fasicos. <\/p>\n<p class=\"\">Los artistas fueron ubicados por \u00faltima vez el pasado martes en un gimnasio en la adinerada <a href=\"https:\/\/elpais.com\/mexico\/2023-02-26\/el-primer-edificio-de-madera-de-mexico-esta-en-polanco-y-se-llama-jardin-anatole.html\" rel=\"nofollow noopener\" title=\"https:\/\/elpais.com\/mexico\/2023-02-26\/el-primer-edificio-de-madera-de-mexico-esta-en-polanco-y-se-llama-jardin-anatole.html\" target=\"_blank\">colonia Polanco<\/a>, en Ciudad de M\u00e9xico, donde hab\u00edan ofrecido un concierto el 14 de septiembre. El presidente de Colombia, Gustavo Petro, a tav\u00e9s de X, <\/p>\n<p class=\"\">Asesinaron nuestra juventud en los Estados Unidos de MexicanosMafia internacional fortalecida por la est\u00fapida politica militar y prohibicionista, llamada \u201cguerra contra las drogas\u201d a la que obligan a la humanidad y a Am\u00e9rica LatinaM\u00e1s jovenes asesinados por una pol\u00edtica antidrogas que no es pol\u00edtica antinarcotraficante<\/p>\n<p class=\"\">Justo una semana despu\u00e9s, este domingo, a trav\u00e9s de su cuenta de X, el presidente colombiano, <a href=\"https:\/\/elpais.com\/america-colombia\/2025-09-20\/petro-desafia-a-trump-y-radicaliza-su-agenda-de-cara-a-2026.html\" rel=\"nofollow noopener\" title=\"https:\/\/elpais.com\/america-colombia\/2025-09-20\/petro-desafia-a-trump-y-radicaliza-su-agenda-de-cara-a-2026.html\" target=\"_blank\">Gustavo Petro<\/a>, le pidi\u00f3 a su hom\u00f3loga <a href=\"https:\/\/elpais.com\/mexico\/2025-09-01\/sheinbaum-llega-a-su-primer-balance-de-gobierno-con-un-apoyo-del-79-a-su-gestion.html\" rel=\"nofollow noopener\" title=\"https:\/\/elpais.com\/mexico\/2025-09-01\/sheinbaum-llega-a-su-primer-balance-de-gobierno-con-un-apoyo-del-79-a-su-gestion.html\" target=\"_blank\">Claudia Sheinbaum<\/a> ayuda para encontrar a los m\u00fasicos. <\/p>\n<p class=\"\">En su mensaje, Petro se\u00f1al\u00f3 que los m\u00fasicos desaparecieron tras un concierto en el norte\u00f1o Estado de Sonora, pero fuentes cercanas al artista lo han desmentido, y aseguraron que los artistas no se movieron de la capital mexicana.<\/p>\n<p class=\"\">La presidenta Sheinbaum se refiri\u00f3 sobre el pedido de Petro este lunes y dio a conocer que la Canciller\u00eda mexicana ha estado en contacto con su similar colombiana. Asimismo, ha dicho que las investigaciones ya estaban a cargo de la Fiscal\u00eda General de la Rep\u00fablica, la Secretar\u00eda de Protecci\u00f3n Ciudadana y la Fiscal\u00eda de Ciudad de M\u00e9xico.<\/p>\n<p class=\"\">Las fichas de b\u00fasqueda para ambos artistas fueron publicadas por las autoridades mexicanas el 18 de septiembre. De acuerdo con la descripci\u00f3n, S\u00e1nchez, de 31 a\u00f1os, iba con camiseta negra, pantal\u00f3n deportivo y tenis blancos. Mientras que Herrera, de 35 a\u00f1os, vest\u00eda camiseta y pantalones deportivos color negro, y llevaba tenis, sin que se dieran m\u00e1s detalles.<\/p>\n<p class=\"\">El <a href=\"https:\/\/www.instagram.com\/p\/DOpS4BHCf9y\/\" rel=\"nofollow noopener\" title=\"https:\/\/www.instagram.com\/p\/DOpS4BHCf9y\/\" target=\"_blank\">\u00faltimo video de B-King<\/a> en su cuenta en Instagram data del 15 de septiembre. En este, se lo ve en una especie de camerino alist\u00e1ndose para una presentaci\u00f3n junto a su equipo. \u201cExcelente. Rompiendo en M\u00e9xico. En el D.F. [Distrito Federal, como se conoc\u00eda antes a la capital]. Me siento contento, agradecido. Vamos a romper en nombre de Jes\u00fas de los Ej\u00e9rcitos\u201d, le dice a la persona que le graba con un dispositivo. \u201c\u00bfEs tu primer concierto en M\u00e9xico?\u201d, le pregunta su interlocutor. \u201cS\u00ed, a partir de hoy, se vienen cosas grandes en el nombre de Dios\u201d, respondi\u00f3 S\u00e1nchez en el mismo video.<\/p>\n<p class=\"\">De otra parte, en una de las \u00faltimas grabaciones de Regio Clown <a href=\"https:\/\/www.instagram.com\/p\/DOgZ-_AEZKM\/\" rel=\"nofollow noopener\" title=\"https:\/\/www.instagram.com\/p\/DOgZ-_AEZKM\/\" target=\"_blank\">en su cuenta de Instagram<\/a> antes de su desaparici\u00f3n, este anunci\u00f3 su show, junto a B-King, del 14 de septiembre en la discoteca ElectroLab. Este concierto, denominado Sin Censura. Independence Day, se realiz\u00f3 en la alcald\u00eda \u00c1lvaro Obreg\u00f3n, al sur de la capital mexicana. En el video se puede ver a Herrera sentado junto a S\u00e1nchez, el representante de artistas Juan Camilo Gallego y la cantante venezolana Angie Miller.<\/p>\n<p class=\"\">Gallego, quien es el m\u00e1nager de B-King, ha dado detalles sobre las horas previas a la desaparici\u00f3n de los artistas. En una entrevista con Noticias Caracol especific\u00f3 que \u00e9l se hospedaba con los m\u00fasicos en un hotel ubicado en la avenida Masaryk, una de las m\u00e1s lujosas de la capital, en Polanco, y que hacia el mediod\u00eda B-King y Regio Clown salieron al gimnasio. Fue la \u00faltima vez que se les vio. Ellos le hab\u00edan comentado que despu\u00e9s almorzar\u00edan con unos conocidos de Regio Clown, sin especificarle qui\u00e9nes, y quedaron en reencontrarse por la noche en el hotel para una reuni\u00f3n de trabajo.<\/p>\n<p class=\"\">[Noticia en desarrollo. Habr\u00e1 m\u00e1s informaci\u00f3n en breve].<\/p>\n<p><script async src=\"\/\/www.instagram.com\/embed.js\"><\/script><\/p>\n","protected":false},"excerpt":{"rendered":"La Fiscal\u00eda de Estado de M\u00e9xico ha confirmado el hallazgo sin vida de los m\u00fasicos colombianos de m\u00fasica&hellip;\n","protected":false},"author":2,"featured_media":132582,"comment_status":"","ping_status":"","sticky":false,"template":"","format":"standard","meta":{"footnotes":""},"categories":[91],"tags":[889,27959,1803,146,147,25,24,1804,1906,185,22489,20046,23],"class_list":{"0":"post-132581","1":"post","2":"type-post","3":"status-publish","4":"format-standard","5":"has-post-thumbnail","7":"category-entretenimiento","8":"tag-america","9":"tag-ciudad-de-mexico","10":"tag-colombia","11":"tag-entertainment","12":"tag-entretenimiento","13":"tag-es","14":"tag-espana","15":"tag-latinoamerica","16":"tag-mexico","17":"tag-musica","18":"tag-personas-desaparecidas","19":"tag-seguridad-ciudadana","20":"tag-spain"},"share_on_mastodon":{"url":"","error":""},"_links":{"self":[{"href":"https:\/\/www.europesays.com\/es\/wp-json\/wp\/v2\/posts\/132581","targetHints":{"allow":["GET"]}}],"collection":[{"href":"https:\/\/www.europesays.com\/es\/wp-json\/wp\/v2\/posts"}],"about":[{"href":"https:\/\/www.europesays.com\/es\/wp-json\/wp\/v2\/types\/post"}],"author":[{"embeddable":true,"href":"https:\/\/www.europesays.com\/es\/wp-json\/wp\/v2\/users\/2"}],"replies":[{"embeddable":true,"href":"https:\/\/www.europesays.com\/es\/wp-json\/wp\/v2\/comments?post=132581"}],"version-history":[{"count":0,"href":"https:\/\/www.europesays.com\/es\/wp-json\/wp\/v2\/posts\/132581\/revisions"}],"wp:featuredmedia":[{"embeddable":true,"href":"https:\/\/www.europesays.com\/es\/wp-json\/wp\/v2\/media\/132582"}],"wp:attachment":[{"href":"https:\/\/www.europesays.com\/es\/wp-json\/wp\/v2\/media?parent=132581"}],"wp:term":[{"taxonomy":"category","embeddable":true,"href":"https:\/\/www.europesays.com\/es\/wp-json\/wp\/v2\/categories?post=132581"},{"taxonomy":"post_tag","embeddable":true,"href":"https:\/\/www.europesays.com\/es\/wp-json\/wp\/v2\/tags?post=132581"}],"curies":[{"name":"wp","href":"https:\/\/api.w.org\/{rel}","templated":true}]}}