{"id":132593,"date":"2025-09-22T21:29:08","date_gmt":"2025-09-22T21:29:08","guid":{"rendered":"https:\/\/www.europesays.com\/es\/132593\/"},"modified":"2025-09-22T21:29:08","modified_gmt":"2025-09-22T21:29:08","slug":"handball-el-marplatense-simon-viera-a-los-gladiadores","status":"publish","type":"post","link":"https:\/\/www.europesays.com\/es\/132593\/","title":{"rendered":"Handball: el marplatense Sim\u00f3n Viera a los Gladiadores"},"content":{"rendered":"<p>El arquero de Once Unidos y de Atl\u00e1ntica, Sim\u00f3n Viera, fue convocado a la Selecci\u00f3n Mayor Argentina de cara al Cuatro Naciones del pr\u00f3ximo mes.<\/p>\n<p>El certamen internacional se llevar\u00e1 a cabo en Buenos Aires del 29 de octubre al 1 de noviembre.<\/p>\n<p>Por primera vez en la historia, un marplatense de categor\u00eda juvenil participar\u00e1 en un torneo internacional con los \u201cGladiadores\u201d.<\/p>\n<p>Viera defender\u00e1 los tres palos junto a Juan Bar (Valladolid, Asobal) y Agust\u00edn Forlino (Sedalo, FeMeBal).<\/p>\n<p>\t\t\t\t\tLeer \u00faltimas noticias\t\t\t\t<\/p>\n<p class=\"error\">\n\t\t\t\tSomething went wrong. Please refresh the page and\/or try again.\t\t\t<\/p>\n","protected":false},"excerpt":{"rendered":"El arquero de Once Unidos y de Atl\u00e1ntica, Sim\u00f3n Viera, fue convocado a la Selecci\u00f3n Mayor Argentina de&hellip;\n","protected":false},"author":2,"featured_media":132594,"comment_status":"","ping_status":"","sticky":false,"template":"","format":"standard","meta":{"footnotes":""},"categories":[278],"tags":[376,168,25,24,375,23,167],"class_list":{"0":"post-132593","1":"post","2":"type-post","3":"status-publish","4":"format-standard","5":"has-post-thumbnail","7":"category-balonmano","8":"tag-balonmano","9":"tag-deportes","10":"tag-es","11":"tag-espana","12":"tag-handball","13":"tag-spain","14":"tag-sports"},"share_on_mastodon":{"url":"","error":""},"_links":{"self":[{"href":"https:\/\/www.europesays.com\/es\/wp-json\/wp\/v2\/posts\/132593","targetHints":{"allow":["GET"]}}],"collection":[{"href":"https:\/\/www.europesays.com\/es\/wp-json\/wp\/v2\/posts"}],"about":[{"href":"https:\/\/www.europesays.com\/es\/wp-json\/wp\/v2\/types\/post"}],"author":[{"embeddable":true,"href":"https:\/\/www.europesays.com\/es\/wp-json\/wp\/v2\/users\/2"}],"replies":[{"embeddable":true,"href":"https:\/\/www.europesays.com\/es\/wp-json\/wp\/v2\/comments?post=132593"}],"version-history":[{"count":0,"href":"https:\/\/www.europesays.com\/es\/wp-json\/wp\/v2\/posts\/132593\/revisions"}],"wp:featuredmedia":[{"embeddable":true,"href":"https:\/\/www.europesays.com\/es\/wp-json\/wp\/v2\/media\/132594"}],"wp:attachment":[{"href":"https:\/\/www.europesays.com\/es\/wp-json\/wp\/v2\/media?parent=132593"}],"wp:term":[{"taxonomy":"category","embeddable":true,"href":"https:\/\/www.europesays.com\/es\/wp-json\/wp\/v2\/categories?post=132593"},{"taxonomy":"post_tag","embeddable":true,"href":"https:\/\/www.europesays.com\/es\/wp-json\/wp\/v2\/tags?post=132593"}],"curies":[{"name":"wp","href":"https:\/\/api.w.org\/{rel}","templated":true}]}}