{"id":132605,"date":"2025-09-22T21:37:14","date_gmt":"2025-09-22T21:37:14","guid":{"rendered":"https:\/\/www.europesays.com\/es\/132605\/"},"modified":"2025-09-22T21:37:14","modified_gmt":"2025-09-22T21:37:14","slug":"lamine-yamal-se-rinde-al-resurgir-de-ansu-fati-31-prime","status":"publish","type":"post","link":"https:\/\/www.europesays.com\/es\/132605\/","title":{"rendered":"Lamine Yamal se rinde al resurgir de Ansu Fati: \u00ab31 prime\u00bb"},"content":{"rendered":"<p data-gtm-element-container=\"modulo-texto-link\" class=\"paragraph\"><strong>Ansu Fati <\/strong>ha tenido un inicio dif\u00edcilmente mejorable en el <strong>M\u00f3naco<\/strong>, donde se encuentra cedido por el <strong>FC Barcelona<\/strong> hasta final de temporada. Despu\u00e9s de un largo comp\u00e1s de espera, el todav\u00eda jugador azulgrana debut\u00f3 con su nuevo equipo el pasado jueves, en el estreno europeo de los de<strong> Adi H\u00fctter<\/strong>.<\/p>\n<p data-gtm-element-container=\"modulo-texto-link\" class=\"paragraph\">Lo hizo saliendo de refresco y marcando, en el tiempo de descuento, el tanto del honor de los monegascos, derrotados por un contundente 4-1 en <strong>Brujas<\/strong>. Tres d\u00edas despu\u00e9s, <a href=\"https:\/\/www.mundodeportivo.com\/futbol\/ligue-1\/20250921\/1002536341\/ansu-fati-vuelve-marcar-monaco-pocos-segundos.html\" target=\"_blank\" rel=\"nofollow noopener\"><strong>Ansu <\/strong>repiti\u00f3 efectividad al anotar, tambi\u00e9n saliendo desde el banquillo, un doblete en el 5-2 del <strong>M\u00f3naco <\/strong>al <strong>Metz<\/strong>.<\/a><\/p>\n<blockquote class=\"instagram-media\" data-instgrm-captioned=\"\" data-instgrm-version=\"6\" style=\"background: #FFF; border: 0; border-radius: 3px; box-shadow: 0 0 1px 0 rgba(0,&#10;0, 0, 0.5), 0 1px 10px 0 rgba(0, 0, 0, 0.15); margin: 1px; max-width: 658px; padding: 0;&#10;width: 99.375%; width: -webkit-calc(100% - 2px); width: calc(100% - 2px);\">\n<\/blockquote>\n<p data-gtm-element-container=\"modulo-texto-link\" class=\"paragraph\">Tres goles en 72&#8242; que han disparado las expectativas en torno a <strong>Ansu\u00a0Fati<\/strong>, cuyas redes sociales se llenaron de comentarios de ex compa\u00f1eros felices por su resurgir en el f\u00fatbol franc\u00e9s. Entre ellos, <strong>Lamine Yamal<\/strong>, el heredero del &#8217;10&#8217; que dej\u00f3 vacante en el <strong>Bar\u00e7a<\/strong>.<\/p>\n<p>    Lee tambi\u00e9n<\/p>\n<p data-gtm-element-container=\"modulo-texto-link\" class=\"paragraph\">\u00ab31 primeeeee\u00bb, escribi\u00f3 el de Rocafonda, haciendo alusi\u00f3n al dorsal con el que <strong>Ansu <\/strong>empez\u00f3 su andadura en el club azulgrana y asombr\u00f3 a todo el planeta f\u00fatbol. Hay que recordar que el <strong>M\u00f3naco <\/strong>tiene una opci\u00f3n de compra de 11 millones de euros por el delantero, que el pr\u00f3ximo mes de octubre cumplir\u00e1 23 a\u00f1os.<\/p>\n","protected":false},"excerpt":{"rendered":"Ansu Fati ha tenido un inicio dif\u00edcilmente mejorable en el M\u00f3naco, donde se encuentra cedido por el FC&hellip;\n","protected":false},"author":2,"featured_media":132606,"comment_status":"","ping_status":"","sticky":false,"template":"","format":"standard","meta":{"footnotes":""},"categories":[268],"tags":[168,25,24,280,282,281,23,167],"class_list":{"0":"post-132605","1":"post","2":"type-post","3":"status-publish","4":"format-standard","5":"has-post-thumbnail","7":"category-futbol","8":"tag-deportes","9":"tag-es","10":"tag-espana","11":"tag-football","12":"tag-futbol","13":"tag-soccer","14":"tag-spain","15":"tag-sports"},"share_on_mastodon":{"url":"","error":""},"_links":{"self":[{"href":"https:\/\/www.europesays.com\/es\/wp-json\/wp\/v2\/posts\/132605","targetHints":{"allow":["GET"]}}],"collection":[{"href":"https:\/\/www.europesays.com\/es\/wp-json\/wp\/v2\/posts"}],"about":[{"href":"https:\/\/www.europesays.com\/es\/wp-json\/wp\/v2\/types\/post"}],"author":[{"embeddable":true,"href":"https:\/\/www.europesays.com\/es\/wp-json\/wp\/v2\/users\/2"}],"replies":[{"embeddable":true,"href":"https:\/\/www.europesays.com\/es\/wp-json\/wp\/v2\/comments?post=132605"}],"version-history":[{"count":0,"href":"https:\/\/www.europesays.com\/es\/wp-json\/wp\/v2\/posts\/132605\/revisions"}],"wp:featuredmedia":[{"embeddable":true,"href":"https:\/\/www.europesays.com\/es\/wp-json\/wp\/v2\/media\/132606"}],"wp:attachment":[{"href":"https:\/\/www.europesays.com\/es\/wp-json\/wp\/v2\/media?parent=132605"}],"wp:term":[{"taxonomy":"category","embeddable":true,"href":"https:\/\/www.europesays.com\/es\/wp-json\/wp\/v2\/categories?post=132605"},{"taxonomy":"post_tag","embeddable":true,"href":"https:\/\/www.europesays.com\/es\/wp-json\/wp\/v2\/tags?post=132605"}],"curies":[{"name":"wp","href":"https:\/\/api.w.org\/{rel}","templated":true}]}}