{"id":132607,"date":"2025-09-22T21:38:10","date_gmt":"2025-09-22T21:38:10","guid":{"rendered":"https:\/\/www.europesays.com\/es\/132607\/"},"modified":"2025-09-22T21:38:10","modified_gmt":"2025-09-22T21:38:10","slug":"es-cuestion-de-un-poco-de-tiempo-que-se-recupere","status":"publish","type":"post","link":"https:\/\/www.europesays.com\/es\/132607\/","title":{"rendered":"Es cuesti\u00f3n de un poco de tiempo que se recupere"},"content":{"rendered":"<p id=\"eOoJXVIZkS\" data-wc=\"110\">Eva Amaral ha dado un buen susto a sus seguidores en su \u00faltimo concierto. Ha ocurrido en Tarragona, donde la cantante y Juan Aguirre, su compa\u00f1ero en el grupo, han hecho vibrar a miles de seguidores. Sin embargo, justo cuando el espect\u00e1culo estaba a punto de termina<strong>r, Eva sufri\u00f3 <a class=\"hm-link ho-link\" href=\"https:\/\/www.hola.com\/actualidad\/20250219815150\/eva-amaral-hueso-pato-casi-muere\/\" data-mrf-recirculation=\"article-body-link\" rel=\"nofollow noopener\" target=\"_blank\">un percance de salud<\/a>.\u00a0<\/strong>El grupo ha trasladado a sus fans un comunicado en el que explican los detalles de lo sucedido. \u00abOs queremos contar que en el \u00faltimo bis, <strong>Eva tuvo una crisis respiratoria causada por una bronquitis arrastrada desde hace semanas, y agravada por la inhalaci\u00f3n de humo y cenizas\u00a0<\/strong>de los \u00faltimos incendios en su zona\u00bb, han informado.<\/p>\n<p class=\"\" id=\"erPBxuz_gw_\" data-wc=\"103\">En el texto que han compartido mencionan que Eva hab\u00eda inhalado humo y cenizas en los d\u00edas anteriores a su crisis. La artista tiene casa desde hace alg\u00fan tiempo en Galicia, en plena naturaleza, y hace tan solo un par de d\u00edas compart\u00eda con sus seguidores un v\u00eddeo mostrando los devastadores efectos del fuego en la Ribeira Sacra: \u00abAldeas enteras luchando por salvar las casas.<strong>\u00a0Aqu\u00ed el aire es irrespirable<\/strong>\u00ab, coment\u00f3 la cantante. \u00abNo tengo palabras. Tristeza, impotencia y miedo\u2026 <strong>Mucho miedo de ser alcanzados por el fuego impredecible<\/strong>\u00ab, a\u00f1adi\u00f3. Por suerte, parece que la cantante evoluciona favorablemente, como se\u00f1alan en el comunicado.<\/p>\n","protected":false},"excerpt":{"rendered":"Eva Amaral ha dado un buen susto a sus seguidores en su \u00faltimo concierto. Ha ocurrido en Tarragona,&hellip;\n","protected":false},"author":2,"featured_media":132608,"comment_status":"","ping_status":"","sticky":false,"template":"","format":"standard","meta":{"footnotes":""},"categories":[174],"tags":[517,255,146,147,25,24,256,185,23],"class_list":{"0":"post-132607","1":"post","2":"type-post","3":"status-publish","4":"format-standard","5":"has-post-thumbnail","7":"category-famosos","8":"tag-actualidad","9":"tag-celebrities","10":"tag-entertainment","11":"tag-entretenimiento","12":"tag-es","13":"tag-espana","14":"tag-famosos","15":"tag-musica","16":"tag-spain"},"share_on_mastodon":{"url":"","error":""},"_links":{"self":[{"href":"https:\/\/www.europesays.com\/es\/wp-json\/wp\/v2\/posts\/132607","targetHints":{"allow":["GET"]}}],"collection":[{"href":"https:\/\/www.europesays.com\/es\/wp-json\/wp\/v2\/posts"}],"about":[{"href":"https:\/\/www.europesays.com\/es\/wp-json\/wp\/v2\/types\/post"}],"author":[{"embeddable":true,"href":"https:\/\/www.europesays.com\/es\/wp-json\/wp\/v2\/users\/2"}],"replies":[{"embeddable":true,"href":"https:\/\/www.europesays.com\/es\/wp-json\/wp\/v2\/comments?post=132607"}],"version-history":[{"count":0,"href":"https:\/\/www.europesays.com\/es\/wp-json\/wp\/v2\/posts\/132607\/revisions"}],"wp:featuredmedia":[{"embeddable":true,"href":"https:\/\/www.europesays.com\/es\/wp-json\/wp\/v2\/media\/132608"}],"wp:attachment":[{"href":"https:\/\/www.europesays.com\/es\/wp-json\/wp\/v2\/media?parent=132607"}],"wp:term":[{"taxonomy":"category","embeddable":true,"href":"https:\/\/www.europesays.com\/es\/wp-json\/wp\/v2\/categories?post=132607"},{"taxonomy":"post_tag","embeddable":true,"href":"https:\/\/www.europesays.com\/es\/wp-json\/wp\/v2\/tags?post=132607"}],"curies":[{"name":"wp","href":"https:\/\/api.w.org\/{rel}","templated":true}]}}