{"id":132609,"date":"2025-09-22T21:40:07","date_gmt":"2025-09-22T21:40:07","guid":{"rendered":"https:\/\/www.europesays.com\/es\/132609\/"},"modified":"2025-09-22T21:40:07","modified_gmt":"2025-09-22T21:40:07","slug":"la-libreria-ilerdense-la-fatal-anuncia-el-nacimiento-de-eclecta-su-sello-editorial","status":"publish","type":"post","link":"https:\/\/www.europesays.com\/es\/132609\/","title":{"rendered":"La librer\u00eda ilerdense La Fatal anuncia el nacimiento de Eclecta su sello editorial"},"content":{"rendered":"<p>Solo han pasado algo m\u00e1s de cuatro a\u00f1os desde que Jordi y Ramon Souto abrieran por primera vez las puertas de La Fatal en Lleida. Cuatro a\u00f1os que le han valido para convertirse en una librer\u00eda de referencia en la ciudad catalana y para asumir un nuevo reto, lanzar una editorial, Eclecta, un sello a nivel estatal que publicar\u00e1 libros tanto en espa\u00f1ol como en catal\u00e1n.<\/p>\n<p>Seg\u00fan han avanzado desde La Fatal el sello publicar\u00e1 una docena de libros al a\u00f1o y ser\u00e1 el pr\u00f3ximo 23 de octubre cuando presentar\u00e1n oficialmente en un acto p\u00fablico en el Teatre de la Llotja de L\u00e9rida este nuevo sello editorial, junto con sus dos primeros t\u00edtulos: L\u2019altra hip\u00f2tesi, la nueva novela del fil\u00f3sofo, escritor y profesor Ferran S\u00e1ez; y la primera edici\u00f3n en catal\u00e1n de un cl\u00e1sico Els idus de mar\u00e7, del estadounidense Thornton Wilder, en una traducci\u00f3n de Ernest Riera.<\/p>\n","protected":false},"excerpt":{"rendered":"Solo han pasado algo m\u00e1s de cuatro a\u00f1os desde que Jordi y Ramon Souto abrieran por primera vez&hellip;\n","protected":false},"author":2,"featured_media":132610,"comment_status":"","ping_status":"","sticky":false,"template":"","format":"standard","meta":{"footnotes":""},"categories":[172],"tags":[224,146,147,25,24,225,23],"class_list":{"0":"post-132609","1":"post","2":"type-post","3":"status-publish","4":"format-standard","5":"has-post-thumbnail","7":"category-libros","8":"tag-books","9":"tag-entertainment","10":"tag-entretenimiento","11":"tag-es","12":"tag-espana","13":"tag-libros","14":"tag-spain"},"share_on_mastodon":{"url":"","error":""},"_links":{"self":[{"href":"https:\/\/www.europesays.com\/es\/wp-json\/wp\/v2\/posts\/132609","targetHints":{"allow":["GET"]}}],"collection":[{"href":"https:\/\/www.europesays.com\/es\/wp-json\/wp\/v2\/posts"}],"about":[{"href":"https:\/\/www.europesays.com\/es\/wp-json\/wp\/v2\/types\/post"}],"author":[{"embeddable":true,"href":"https:\/\/www.europesays.com\/es\/wp-json\/wp\/v2\/users\/2"}],"replies":[{"embeddable":true,"href":"https:\/\/www.europesays.com\/es\/wp-json\/wp\/v2\/comments?post=132609"}],"version-history":[{"count":0,"href":"https:\/\/www.europesays.com\/es\/wp-json\/wp\/v2\/posts\/132609\/revisions"}],"wp:featuredmedia":[{"embeddable":true,"href":"https:\/\/www.europesays.com\/es\/wp-json\/wp\/v2\/media\/132610"}],"wp:attachment":[{"href":"https:\/\/www.europesays.com\/es\/wp-json\/wp\/v2\/media?parent=132609"}],"wp:term":[{"taxonomy":"category","embeddable":true,"href":"https:\/\/www.europesays.com\/es\/wp-json\/wp\/v2\/categories?post=132609"},{"taxonomy":"post_tag","embeddable":true,"href":"https:\/\/www.europesays.com\/es\/wp-json\/wp\/v2\/tags?post=132609"}],"curies":[{"name":"wp","href":"https:\/\/api.w.org\/{rel}","templated":true}]}}