{"id":132615,"date":"2025-09-22T21:43:09","date_gmt":"2025-09-22T21:43:09","guid":{"rendered":"https:\/\/www.europesays.com\/es\/132615\/"},"modified":"2025-09-22T21:43:09","modified_gmt":"2025-09-22T21:43:09","slug":"the-mandalorian-disney-desvela-la-fecha-de-estreno-y-primer-trailer-de-star-wars-the-mandalorian-y-grogu","status":"publish","type":"post","link":"https:\/\/www.europesays.com\/es\/132615\/","title":{"rendered":"The Mandalorian: Disney desvela la fecha de estreno y primer tr\u00e1iler de &#8216;Star Wars: The Mandalorian y Grogu&#8217;"},"content":{"rendered":"<p class=\"article-text\">\n        El universo de <strong>Star Wars <\/strong>regresa a la gran pantalla. Disney ha desvelado las primeras im\u00e1genes de <strong>Star Wars: The Mandalorian y Grogu<\/strong>, su nueva pel\u00edcula que contar\u00e1 las aventuras de <strong>Din Djarin<\/strong> y el tambi\u00e9n conocido como <strong>Baby Yoda<\/strong>. Asimismo, la compa\u00f1\u00eda tambi\u00e9n ha confirmado su fecha de estreno en cines: ser\u00e1 el <strong>viernes 22 de mayo de 2026<\/strong> cuando los espectadores podr\u00e1n disfrutar de las historias que envolver\u00e1n a sus protagonistas.\n    <\/p>\n<p>    <a href=\"https:\/\/www.eldiario.es\/series\/disney-retrocede-pacta-gina-carano-despedirla-the-mandalorian-comentarios-ofensivos_1_12523085.html\" data-mrf-recirculation=\"saber-mas\" data-dl-event=\"saber-mas\" rel=\"nofollow noopener\" target=\"_blank\"><\/p>\n<p class=\"know-more__title\">Disney recula y pacta con Gina Carano tras despedirla de &#8216;The Mandalorian&#8217; por sus comentarios ofensivos<\/p>\n<p>            <img decoding=\"async\" class=\"lazy\" loading=\"lazy\" data-src=\"https:\/\/static.eldiario.es\/clip\/13e0d55c-f3bf-4956-b9f6-9b08a1427863_16-9-aspect-ratio_default_0.jpg\" src=\"data:image\/svg+xml,%3Csvg xmlns=\" http:=\"\" viewbox=\"0 0 880 495\" alt=\"Disney recula y pacta con Gina Carano tras despedirla de 'The Mandalorian' por sus comentarios ofensivos\"\/><\/p>\n<p>                        <\/a><\/p>\n<p class=\"article-text\">\n        En esta ocasi\u00f3n, <strong>Pedro Pascal<\/strong> vuelve a ponerse en la piel de Din Djarin, quien contar\u00e1 con la inestimable de su joven aprendiz <strong>Grogu<\/strong>. La pel\u00edcula arranca con una premisa de partida: los <strong>se\u00f1ores de la guerra<\/strong> imperiales contin\u00faan dispersos por toda la galaxia tras la ca\u00edda del malvado imperio. Mientras tanto, la <strong>Nueva Rep\u00fablica<\/strong> reci\u00e9n creada lucha para proteger todo lo que logr\u00f3 la Rebeli\u00f3n.\n    <\/p>\n<p>    Sigourney Weaver y Jeremmy Allen White, en el reparto<\/p>\n<p class=\"article-text\">\n        Adem\u00e1s de Pascal, la pel\u00edcula contar\u00e1 con <strong>Sigourney Weaver<\/strong>, <strong>Jonny Coyne<\/strong> y <strong>Jeremy Allen White<\/strong> en el reparto. Todos ellos trabajar\u00e1n bajo la direcci\u00f3n de <strong>Jon Favreau<\/strong>, que figura en la ficha t\u00e9cnica como director y comparte la autor\u00eda del guion con <strong>Dave Filoni<\/strong>. La m\u00fasica que acompa\u00f1ar\u00e1 cada una de las tramas est\u00e1 compuesta por <strong>Ludwig G\u00f6ransson<\/strong>.\n    <\/p>\n<p>    <a href=\"https:\/\/www.eldiario.es\/vertele\/noticias\/maria-patino-machismo-mar-flores-de-viernes-invitado-telecinco-no-somos-nadie_1_12623152.html\" data-mrf-recirculation=\"saber-mas-abajo\" data-dl-event=\"saber-mas-abajo\" rel=\"nofollow noopener\" target=\"_blank\"><\/p>\n<p class=\"know-more__title\">Mar\u00eda Pati\u00f1o critica el \u201cmachismo\u201d de &#8216;De Viernes&#8217; contra Mar Flores y desvela a su pr\u00f3ximo invitado en Telecinco<\/p>\n<p>            <img decoding=\"async\" class=\"lazy\" loading=\"lazy\" data-src=\"https:\/\/static.eldiario.es\/clip\/ca1f1c4d-696c-4797-b79c-33b612f2a553_16-9-aspect-ratio_default_0.jpg\" src=\"data:image\/svg+xml,%3Csvg xmlns=\" http:=\"\" viewbox=\"0 0 880 495\" alt=\"Mar\u00eda Pati\u00f1o critica el &quot;machismo&quot; de 'De Viernes' contra Mar Flores y desvela a su pr\u00f3ximo invitado en Telecinco\"\/><\/p>\n<p>                        <\/a><\/p>\n<p class=\"article-text\">\n        Cabe destacar que la puesta en marcha de Star Wars: The Mandalorian y Grogu no trae consigo novedades sobre la <strong>serie de Disney+<\/strong>. Cabe recordar que Favreau anunci\u00f3 a principios de 2023 que la<strong> temporada 4 <\/strong><a href=\"https:\/\/www.eldiario.es\/vertele\/series\/jon-favreau-revela-cuarta-temporada-the-mandalorian-escrita_1_9974071.html\" target=\"_blank\" data-mrf-recirculation=\"links-noticia\" class=\"link\" rel=\"nofollow noopener\">ya estaba escrita<\/a>. En cualquier caso, los fieles seguidores de esta saga podr\u00e1n conocer las nuevas aventuras de sus personajes favoritos en las salas de cine.\n    <\/p>\n","protected":false},"excerpt":{"rendered":"El universo de Star Wars regresa a la gran pantalla. Disney ha desvelado las primeras im\u00e1genes de Star&hellip;\n","protected":false},"author":2,"featured_media":132616,"comment_status":"","ping_status":"","sticky":false,"template":"","format":"standard","meta":{"footnotes":""},"categories":[169],"tags":[42327,177,1060,146,147,25,24,1055,1151,176,42326,1641,17353,175,2280,1257,23,3498],"class_list":{"0":"post-132615","1":"post","2":"type-post","3":"status-publish","4":"format-standard","5":"has-post-thumbnail","7":"category-cine","8":"tag-baby-yoda","9":"tag-cine","10":"tag-disney","11":"tag-entertainment","12":"tag-entretenimiento","13":"tag-es","14":"tag-espana","15":"tag-estreno","16":"tag-fecha","17":"tag-film","18":"tag-grogu","19":"tag-imagenes","20":"tag-mandalorian","21":"tag-movies","22":"tag-pedro-pascal","23":"tag-pelicula","24":"tag-spain","25":"tag-the"},"share_on_mastodon":{"url":"","error":""},"_links":{"self":[{"href":"https:\/\/www.europesays.com\/es\/wp-json\/wp\/v2\/posts\/132615","targetHints":{"allow":["GET"]}}],"collection":[{"href":"https:\/\/www.europesays.com\/es\/wp-json\/wp\/v2\/posts"}],"about":[{"href":"https:\/\/www.europesays.com\/es\/wp-json\/wp\/v2\/types\/post"}],"author":[{"embeddable":true,"href":"https:\/\/www.europesays.com\/es\/wp-json\/wp\/v2\/users\/2"}],"replies":[{"embeddable":true,"href":"https:\/\/www.europesays.com\/es\/wp-json\/wp\/v2\/comments?post=132615"}],"version-history":[{"count":0,"href":"https:\/\/www.europesays.com\/es\/wp-json\/wp\/v2\/posts\/132615\/revisions"}],"wp:featuredmedia":[{"embeddable":true,"href":"https:\/\/www.europesays.com\/es\/wp-json\/wp\/v2\/media\/132616"}],"wp:attachment":[{"href":"https:\/\/www.europesays.com\/es\/wp-json\/wp\/v2\/media?parent=132615"}],"wp:term":[{"taxonomy":"category","embeddable":true,"href":"https:\/\/www.europesays.com\/es\/wp-json\/wp\/v2\/categories?post=132615"},{"taxonomy":"post_tag","embeddable":true,"href":"https:\/\/www.europesays.com\/es\/wp-json\/wp\/v2\/tags?post=132615"}],"curies":[{"name":"wp","href":"https:\/\/api.w.org\/{rel}","templated":true}]}}