{"id":132617,"date":"2025-09-22T21:44:07","date_gmt":"2025-09-22T21:44:07","guid":{"rendered":"https:\/\/www.europesays.com\/es\/132617\/"},"modified":"2025-09-22T21:44:07","modified_gmt":"2025-09-22T21:44:07","slug":"alineaciones-probables-del-sevilla-villarreal-de-laliga-ea-sports-2025-26-onces-y-banquillo-de-suplentes","status":"publish","type":"post","link":"https:\/\/www.europesays.com\/es\/132617\/","title":{"rendered":"Alineaciones probables del Sevilla &#8211; Villarreal de LaLiga EA Sports 2025-26: onces y banquillo de suplentes"},"content":{"rendered":"<p><img decoding=\"async\" class=\"voc-author__img\" src=\"https:\/\/www.europesays.com\/es\/wp-content\/uploads\/2025\/07\/1753740850_231_autor-3704-foto-1.jpeg\" alt=\"Sergio A. \u00c1vila\"\/><\/p>\n<p>22\/09\/2025<br \/>\n<br \/><strong><br \/>\nActualizado a las 21:13h.<br \/>\n<\/strong><\/p>\n<p class=\"voc-p\" style=\"\">De nuevo a escena en el<strong> S\u00e1nchez-Pizju\u00e1n<\/strong>, donde tantas dificultades est\u00e1 encontrando para regalarle alegr\u00edas a su sufrida afici\u00f3n, el <strong>Sevilla FC<\/strong> recibe este martes a uno de los rivales m\u00e1s poderosos de la competici\u00f3n, el <strong>Villarreal CF<\/strong>, en encuentro correspondiente a la <a href=\"https:\/\/www.laliga.com\/partido\/temporada-2025-2026-laliga-ea-sports-sevilla-fc-villarreal-cf-6\" target=\"_self\" data-voc-vtm-id=\"in-text-traffic\" title=\"6\u00aa jornada de LaLiga EA Sports\" data-mrf-link=\"www.laliga.com\" rel=\"nofollow noopener\">6\u00aa jornada de LaLiga EA Sports<\/a>. Apenas ha tenido tiempo el conjunto nervionense de disfrutar de los tres puntos sumados en Vitoria y ya tiene que estar preparado para uno de los partidos m\u00e1s dif\u00edciles que afrontar\u00e1 como anfitri\u00f3n. Lo arbitrar\u00e1 <a href=\"https:\/\/www.abc.es\/deportes\/orgullodenervion\/noticias-sevilla-fc\/cesar-soto-grado-arbitro-asignado-sevilla-villarreal-20250922150330-nts.html\" target=\"_self\" data-voc-vtm-id=\"in-text-traffic\" title=\"Soto Grado\" data-mrf-link=\"www.abc.es\" rel=\"nofollow noopener\">Soto Grado<\/a> con Pizarro G\u00f3mez en el VAR.<\/p>\n<p class=\"voc-p\" style=\"\"> Aguerrido y compacto, con car\u00e1cter y limitando mucho las concesiones al rival, as\u00ed como afilado en ataque. As\u00ed se mostr\u00f3 en <a href=\"https:\/\/www.abc.es\/deportes\/orgullodenervion\/noticias-sevilla-fc\/alaves-sevilla-20250920185933-nts.html\" target=\"_self\" data-voc-vtm-id=\"in-text-traffic\" title=\"Mendizorroza\" data-mrf-link=\"www.abc.es\" rel=\"nofollow noopener\">Mendizorroza<\/a> el Sevilla, que no rehuy\u00f3 la pelea, compiti\u00f3, mordi\u00f3 y fue mejor que un rival directo al que cuesta mucho vencer en su campo. Esa victoria, la segunda de la temporada (ambas a domicilio), deber\u00eda marcar el camino de <strong>este Sevilla consciente de sus limitaciones que tanta importancia le da al grupo y al que Almeyda trata de exprimir al m\u00e1ximo<\/strong>. <a href=\"https:\/\/www.abc.es\/podcast\/contragolpe-orgullo\/contragolpe-estilo-villarreal-puede-venirle-bien-sevilla-20250922115254-auds.html\" target=\"_self\" data-voc-vtm-id=\"in-text-traffic\" title=\"El problema lo tiene en casa\" data-mrf-link=\"www.abc.es\" rel=\"nofollow noopener\">El problema lo tiene en casa<\/a>, donde no arranca: cay\u00f3 con el Getafe (1-2), tampoco pudo con el Elche (2-2) y ahora recibe a un equipo al que distingue su potencial en ataque y un estilo muy marcado por su entrenador.<\/p>\n<p>\nEl posible once del Sevilla ante el Villarreal\n<\/p>\n<p class=\"voc-p\" style=\"\">Joan Jord\u00e1n y <a href=\"https:\/\/www.abc.es\/deportes\/orgullodenervion\/noticias-sevilla-fc\/sevilla-confirma-baja-alfon-proximos-partidos-20250921135608-nts.html\" target=\"_self\" data-voc-vtm-id=\"in-text-traffic\" title=\"Alfon\" data-mrf-link=\"www.abc.es\" rel=\"nofollow noopener\">Alfon<\/a>, quien estar\u00e1 unos partidos fuera con un esguince de tobillo, son en principio las \u00fanicas bajas del Sevilla. Con el duelo de Vitoria tan reciente, <a href=\"https:\/\/www.abc.es\/deportes\/orgullodenervion\/noticias-sevilla-fc\/almeyda-sevilla-villarreal-jugar-manera-local-visitante-20250922134735-nts.html\" target=\"_self\" data-voc-vtm-id=\"in-text-traffic\" title=\"Almeyda\" data-mrf-link=\"www.abc.es\" rel=\"nofollow noopener\">Almeyda<\/a> podr\u00eda introducir rotaciones en el once para refrescarlo. M\u00e1s extra\u00f1o ser\u00eda que cambiara <strong>el esquema de tres centrales<\/strong> tras un triunfo y para medirse a un rival que juega casi siempre con dos delanteros y futbolistas r\u00e1pidos en las bandas.<\/p>\n<ul class=\"voc-list\">\n<li class=\"voc-list__item\">\n<strong>Sevilla FC<\/strong><br \/>\nVlachodimos; Juanlu, Azpilicueta, Nianzou, Kike Salas, Suazo; Mendy, Agoum\u00e9; Peque, Vargas, Isaac Romero.\n<\/li>\n<\/ul>\n<p class=\"voc-p\" style=\"\">En cuanto al posible once del conjunto nervionense, Vlachodimos repetir\u00eda en porter\u00eda, con Azpilicueta, Nianzou y Kike Salas (en lugar de Marcao) en el eje de la defensa. Los carriles, para Juanlu (que entrar\u00eda por Carmona) y Suazo; y el doble pivote, para Agoum\u00e9 y Mendy. En ataque, Peque ocupar\u00eda el sitio de <a href=\"https:\/\/www.abc.es\/deportes\/orgullodenervion\/noticias-sevilla-fc\/almeyda-pensado-poner-tantos-minutos-alexis-corrio-20250922131759-nts.html\" target=\"_self\" data-voc-vtm-id=\"in-text-traffic\" title=\"Alexis S\u00e1nchez\" data-mrf-link=\"www.abc.es\" rel=\"nofollow noopener\">Alexis S\u00e1nchez<\/a> y, con Vargas, acompa\u00f1ar\u00eda a <a href=\"https:\/\/www.abc.es\/deportes\/orgullodenervion\/noticias-sevilla-fc\/isaac-romero-alcanza-partidos-sevilla-laliga-20250922182233-nts.html\" target=\"_self\" data-voc-vtm-id=\"in-text-traffic\" title=\"Isaac Romero\" data-mrf-link=\"www.abc.es\" rel=\"nofollow noopener\">Isaac Romero<\/a>. <\/p>\n<p>\nEl posible once del Villarreal ante el Sevilla\n<\/p>\n<p class=\"voc-p\" style=\"\">El <strong>Villarreal<\/strong> es tercero con diez puntos de quince posibles, diez goles a favor y cuatro en contra. Equipo de Champions, este verano ha realizado una de las mayores inversiones de su historia en el cap\u00edtulo de contrataciones con las adquisiciones de <strong>Mikautadze (31 millones), Renato Veiga (24) o Moleiro (16)<\/strong>. As\u00ed ha compensando las p\u00e9rdidas de Baena, Y\u00e9remy Pino o Barry, por los que ha recaudado m\u00e1s de cien millones. Pese a tanto cambio, sigue manteniendo el sello de Marcelino.<\/p>\n<ul class=\"voc-list\">\n<li class=\"voc-list__item\">\n<strong>Villarreal CF<\/strong><br \/>\nLuiz J\u00fanior; Alti, Renato Veiga, Rafa Mar\u00edn, Sergi Cardona; Comesa\u00f1a, Gueye; Oluwaseyi, P\u00e9p\u00e9, Buchanan; Mikautadze.\n<\/li>\n<\/ul>\n<p class=\"voc-p\" style=\"\">En Nervi\u00f3n presentar\u00e1 <a href=\"https:\/\/www.abc.es\/deportes\/orgullodenervion\/noticias-sevilla-fc\/villarreal-visitara-sevilla-siete-bajas-20250921121639-nts.html\" target=\"_self\" data-voc-vtm-id=\"in-text-traffic\" title=\"varias bajas\" data-mrf-link=\"www.abc.es\" rel=\"nofollow noopener\">varias bajas<\/a>: <strong>Logan Costa, Kambwala, Foyth, Ayoze y Caban\u00e9s, todos por lesi\u00f3n<\/strong>. Pau Navarro est\u00e1 ya con la selecci\u00f3n sub 20 y son dudas Gerard Moreno y Akhomach. Marcelino podr\u00eda apostar por un once con Luis J\u00fanior en porter\u00eda y una l\u00ednea defensiva formada por Alti, Renato Veiga, Rafa Mar\u00edn y Sergi Cardona, de derecha a izquierda. El doble pivote ser\u00eda para Comesa\u00f1a y Pape Gueye, con Oluwaseyi, P\u00e9p\u00e9 y Buchanan de mediapuntas. Arriba, Mikautadze.<\/p>\n<p>Reportar un error<\/p>\n","protected":false},"excerpt":{"rendered":"22\/09\/2025 Actualizado a las 21:13h. De nuevo a escena en el S\u00e1nchez-Pizju\u00e1n, donde tantas dificultades est\u00e1 encontrando para&hellip;\n","protected":false},"author":2,"featured_media":132618,"comment_status":"","ping_status":"","sticky":false,"template":"","format":"standard","meta":{"footnotes":""},"categories":[93],"tags":[25445,26170,2953,168,25,24,288,26172,26171,1171,23,167,26173,10560],"class_list":{"0":"post-132617","1":"post","2":"type-post","3":"status-publish","4":"format-standard","5":"has-post-thumbnail","7":"category-deportes","8":"tag-25445","9":"tag-alineaciones","10":"tag-banquillo","11":"tag-deportes","12":"tag-es","13":"tag-espana","14":"tag-laliga","15":"tag-onces","16":"tag-probables","17":"tag-sevilla","18":"tag-spain","19":"tag-sports","20":"tag-suplentes","21":"tag-villarreal"},"share_on_mastodon":{"url":"","error":""},"_links":{"self":[{"href":"https:\/\/www.europesays.com\/es\/wp-json\/wp\/v2\/posts\/132617","targetHints":{"allow":["GET"]}}],"collection":[{"href":"https:\/\/www.europesays.com\/es\/wp-json\/wp\/v2\/posts"}],"about":[{"href":"https:\/\/www.europesays.com\/es\/wp-json\/wp\/v2\/types\/post"}],"author":[{"embeddable":true,"href":"https:\/\/www.europesays.com\/es\/wp-json\/wp\/v2\/users\/2"}],"replies":[{"embeddable":true,"href":"https:\/\/www.europesays.com\/es\/wp-json\/wp\/v2\/comments?post=132617"}],"version-history":[{"count":0,"href":"https:\/\/www.europesays.com\/es\/wp-json\/wp\/v2\/posts\/132617\/revisions"}],"wp:featuredmedia":[{"embeddable":true,"href":"https:\/\/www.europesays.com\/es\/wp-json\/wp\/v2\/media\/132618"}],"wp:attachment":[{"href":"https:\/\/www.europesays.com\/es\/wp-json\/wp\/v2\/media?parent=132617"}],"wp:term":[{"taxonomy":"category","embeddable":true,"href":"https:\/\/www.europesays.com\/es\/wp-json\/wp\/v2\/categories?post=132617"},{"taxonomy":"post_tag","embeddable":true,"href":"https:\/\/www.europesays.com\/es\/wp-json\/wp\/v2\/tags?post=132617"}],"curies":[{"name":"wp","href":"https:\/\/api.w.org\/{rel}","templated":true}]}}