{"id":132627,"date":"2025-09-22T21:49:06","date_gmt":"2025-09-22T21:49:06","guid":{"rendered":"https:\/\/www.europesays.com\/es\/132627\/"},"modified":"2025-09-22T21:49:06","modified_gmt":"2025-09-22T21:49:06","slug":"amalia-de-holanda-inesperada-supervisora-de-la-reina-maxima-durante-su-visita-a-la-asamblea-general-de-naciones-unidas","status":"publish","type":"post","link":"https:\/\/www.europesays.com\/es\/132627\/","title":{"rendered":"Amalia de Holanda, inesperada \u201csupervisora\u201d de la reina M\u00e1xima durante su visita a la Asamblea General de Naciones Unidas"},"content":{"rendered":"<p>Este a\u00f1o, la reina <a href=\"https:\/\/www.revistavanityfair.es\/articulos\/reina-maxima-holanda-vestido-flecos-maxi-pamela\" rel=\"nofollow noopener\" target=\"_blank\">M\u00e1xima de Holanda<\/a> acudir\u00e1 a la Asamblea General de Naciones Unidas con una acompa\u00f1ante muy especial: la princesa de Orange. <a href=\"https:\/\/www.revistavanityfair.es\/articulos\/princesa-amalia-holanda-bolso-chanel-xl\" rel=\"nofollow noopener\" target=\"_blank\">Amalia de Holanda<\/a>, la hija mayor de M\u00e1xima, ha viajado con su madre a Estados Unidos, con el <a href=\"https:\/\/news.un.org\/es\/story\/2025\/09\/1540449\" rel=\"nofollow noopener\" target=\"_blank\">80\u00ba aniversario<\/a> de la Asamblea en Nueva York como la cita m\u00e1s importante. Y con un peque\u00f1o papel institucional que ha comenzado hoy en Washington, seg\u00fan la Casa Real de los Pa\u00edses Bajos: \u201csupervisar la labor de la reina M\u00e1xima\u201d. Es decir, aprender de su madre, que <a href=\"https:\/\/news.un.org\/en\/story\/2009\/09\/313262\" rel=\"nofollow noopener\" target=\"_blank\">lleva colaborando con Naciones Unidas desde 2009<\/a>, cuando a\u00fan era princesa, y a la que justo hace un a\u00f1o ascendi\u00f3 el secretario general <strong>Antonio Guterres<\/strong> a Asesora General de la instituci\u00f3n para la inclusi\u00f3n financiera.<\/p>\n<p>La princesa Amalia de Holanda acompa\u00f1ando a su madre, la reina M\u00e1xima, a su visita al Banco Interamericano de Desarrollo en Washington.<\/p>\n<p>Patrick van Katwijk\/Getty Images<\/p>\n<p>La princesa Amalia a\u00fan no tiene un rol definido dentro de la Familia Real de Holanda, ni lo tendr\u00e1, avisan en el la Casa Real holandesa, hasta terminar sus estudios. Que en este curso la mantendr\u00e1n muy atareada, porque Amalia tiene pendiente un grado de Derecho en la Universidad de \u00c1msterdam, m\u00e1s su participaci\u00f3n en un programa de dos a\u00f1os del Defensity College. Este \u00faltimo es un programa del Ministerio de Defensa holand\u00e9s donde se combinan instrucci\u00f3n militar b\u00e1sica [en la monarqu\u00eda holandesa los reyes no ejercen de comandantes en jefe], el trabajo a tiempo parcial y estudios superiores relativos al \u00e1mbito de defensa. Programa que ocupar\u00e1 en la heredera holandesa un rol similar \u2013aunque mucho m\u00e1s reducido\u2013 a la formaci\u00f3n que actualmente recibe nuestra princesa de Asturias, <strong>Leonor<\/strong>.<\/p>\n<p>\u201cSi sus estudios se lo permiten\u201d, se\u00f1alaban hace meses desde la Familia Real Holandesa, Amalia \u201cparticipar\u00e1 en su papel como princesa de Orange (\u2026) en visitas y recepciones que contribuyan a su futuro papel como jefa del Estado\u00bb. En esas visitas puede enmarcarse la semana intensiva que madre e hija inician hoy en Washington, donde M\u00e1xima, en su papel como <a data-offer-url=\"https:\/\/www.unsgsa.org\/\" class=\"external-link\" data-event-click=\"{&quot;element&quot;:&quot;ExternalLink&quot;,&quot;outgoingURL&quot;:&quot;https:\/\/www.unsgsa.org\/&quot;}\" href=\"https:\/\/www.unsgsa.org\/\" rel=\"nofollow noopener\" target=\"_blank\">asesora especial del secretario general de las Naciones Unidas para la Seguridad Financiera<\/a> ha dado comienzo a una semana intensiva. La reina se ha reunido en la capital estadounidense con el presidente del Banco Interamericano de Desarrollo, la alianza global contra la pobreza CGAP, y representantes del G20 (con el que M\u00e1xima tambi\u00e9n tiene un rol honor\u00edfico de ayuda al desarrollo).<\/p>\n","protected":false},"excerpt":{"rendered":"Este a\u00f1o, la reina M\u00e1xima de Holanda acudir\u00e1 a la Asamblea General de Naciones Unidas con una acompa\u00f1ante&hellip;\n","protected":false},"author":2,"featured_media":132628,"comment_status":"","ping_status":"","sticky":false,"template":"","format":"standard","meta":{"footnotes":""},"categories":[42],"tags":[17,18,26721,13,14,11,61,62,63,64,19,20,23142,9,10,15,16,42328,12,21,22,65,66,67],"class_list":{"0":"post-132627","1":"post","2":"type-post","3":"status-publish","4":"format-standard","5":"has-post-thumbnail","7":"category-internacional","8":"tag-breaking-news","9":"tag-breakingnews","10":"tag-familia-real-holandesa","11":"tag-featured-news","12":"tag-featurednews","13":"tag-headlines","14":"tag-internacional","15":"tag-international","16":"tag-international-news","17":"tag-internationalnews","18":"tag-latest-news","19":"tag-latestnews","20":"tag-maxima-zorreguieta","21":"tag-news","22":"tag-noticias","23":"tag-noticias-destacadas","24":"tag-noticiasdestacadas","25":"tag-princesa-amalia-de-holanda","26":"tag-titulares","27":"tag-ultimas-noticias","28":"tag-ultimasnoticias","29":"tag-world","30":"tag-world-news","31":"tag-worldnews"},"share_on_mastodon":{"url":"","error":""},"_links":{"self":[{"href":"https:\/\/www.europesays.com\/es\/wp-json\/wp\/v2\/posts\/132627","targetHints":{"allow":["GET"]}}],"collection":[{"href":"https:\/\/www.europesays.com\/es\/wp-json\/wp\/v2\/posts"}],"about":[{"href":"https:\/\/www.europesays.com\/es\/wp-json\/wp\/v2\/types\/post"}],"author":[{"embeddable":true,"href":"https:\/\/www.europesays.com\/es\/wp-json\/wp\/v2\/users\/2"}],"replies":[{"embeddable":true,"href":"https:\/\/www.europesays.com\/es\/wp-json\/wp\/v2\/comments?post=132627"}],"version-history":[{"count":0,"href":"https:\/\/www.europesays.com\/es\/wp-json\/wp\/v2\/posts\/132627\/revisions"}],"wp:featuredmedia":[{"embeddable":true,"href":"https:\/\/www.europesays.com\/es\/wp-json\/wp\/v2\/media\/132628"}],"wp:attachment":[{"href":"https:\/\/www.europesays.com\/es\/wp-json\/wp\/v2\/media?parent=132627"}],"wp:term":[{"taxonomy":"category","embeddable":true,"href":"https:\/\/www.europesays.com\/es\/wp-json\/wp\/v2\/categories?post=132627"},{"taxonomy":"post_tag","embeddable":true,"href":"https:\/\/www.europesays.com\/es\/wp-json\/wp\/v2\/tags?post=132627"}],"curies":[{"name":"wp","href":"https:\/\/api.w.org\/{rel}","templated":true}]}}