{"id":132629,"date":"2025-09-22T21:50:08","date_gmt":"2025-09-22T21:50:08","guid":{"rendered":"https:\/\/www.europesays.com\/es\/132629\/"},"modified":"2025-09-22T21:50:08","modified_gmt":"2025-09-22T21:50:08","slug":"sanchez-critica-a-israel-somos-testigos-de-uno-de-los-eventos-mas-terribles-y-oscuros-del-siglo","status":"publish","type":"post","link":"https:\/\/www.europesays.com\/es\/132629\/","title":{"rendered":"S\u00e1nchez critica a Israel: \u00abSomos testigos de uno de los eventos m\u00e1s terribles y oscuros del siglo\u00bb"},"content":{"rendered":"<p>  Por&amp;nbsp<a href=\"https:\/\/es.euronews.com\/perfiles\/734\" rel=\"nofollow noopener\" target=\"_blank\">Escarlata S\u00e1nchez<\/a>&amp;nbsp&amp;&amp;nbsp<b>Euronews en espa\u00f1ol<\/b><\/p>\n<p>\n                    Publicado                 22\/09\/2025 &#8211; 21:49 CEST<br \/>\n                \u2022Ultima actualizaci\u00f3n<br \/>\n                                     21:53\n                                        <\/p>\n<p>          <img decoding=\"async\" class=\"c-ad__placeholder__logo\" src=\"https:\/\/static.euronews.com\/website\/images\/logos\/logo-euronews-stacked-outlined-72x72-grey-9.svg\" width=\"72\" height=\"72\" alt=\"\" loading=\"lazy\"\/><br \/>\n          PUBLICIDAD<\/p>\n<p>El <strong>presidente del Gobierno de Espa\u00f1a, Pedro S\u00e1nchez<\/strong>, ofreci\u00f3 este lunes un discurso en la Universidad de Columbia (Nueva York) con motivo del <strong>Foro de L\u00edderes Mundiales<\/strong> antes de desplazarse hasta las instalaciones de Naciones Unidas, donde est\u00e1 previsto que se celebre su <a href=\"https:\/\/es.euronews.com\/2025\/09\/21\/portugal-reconoce-oficialmente-al-estado-de-palestina\" rel=\"nofollow noopener\" target=\"_blank\"><strong>Asamblea General<\/strong><\/a>.<\/p>\n<p>En su discurso, Pedro S\u00e1nchez <strong>lanz\u00f3 una dura cr\u00edtica a la comunidad internacional<\/strong> y, en particular, al primer ministro israel\u00ed, Benjam\u00edn Netanyahu a quien lanz\u00f3 el siguiente mensaje: \u00abuna cosa es defender a su pa\u00eds y otra es asesinar a m\u00e1s de 60.000 civiles, desplazar a dos millones de personas, <a href=\"https:\/\/es.euronews.com\/2025\/09\/20\/decenas-de-muertos-en-gaza-israel-afirma-haber-matado-a-miembros-de-hamas\" rel=\"nofollow noopener\" target=\"_blank\">bombardear<\/a> hospitales o matar de hambre a ni\u00f1os inocentes\u00bb.<\/p>\n<p>El presidente S\u00e1nchez subray\u00f3 que <strong>Espa\u00f1a \u00abreconoce el derecho de Israel a existir y defender su seguridad\u00bb<\/strong>, pero denunci\u00f3 lo que calific\u00f3 como un <strong>\u00abdoble rasero\u00bb en la reacci\u00f3n internacional<\/strong> ante la invasi\u00f3n rusa de Ucrania y la ofensiva israel\u00ed en Gaza.<\/p>\n<p>\u00abEstamos ante uno de los eventos m\u00e1s terribles y oscuros del siglo XXI\u00bb<\/p>\n<p>S\u00e1nchez sentenci\u00f3 ante un auditorio repleto: \u00abEstamos ante uno de los eventos m\u00e1s terribles y oscuros del siglo XXI\u00bb. Y advirti\u00f3 que \u00abser\u00eda imperdonable\u00bb que la comunidad internacional mirase hacia otro lado frente ante lo que consider\u00f3 un <a href=\"https:\/\/es.euronews.com\/2025\/09\/22\/huelga-general-en-italia-contra-la-guerra-en-gaza\" rel=\"nofollow noopener\" target=\"_blank\"><strong>genocidio en la Franja de Gaza<\/strong><\/a><strong>.<\/strong><\/p>\n<p>S\u00e1nchez dej\u00f3 claro que Espa\u00f1a defiende tambi\u00e9n el derecho del Estado palestino a existir, al tiempo que <strong>conden\u00f3 los atentados terroristas de Ham\u00e1s<\/strong> del 7 de octubre de 2023 y reclam\u00f3 la liberaci\u00f3n \u00abinmediata e incondicional\u00bb de los rehenes israel\u00edes.<\/p>\n<p>Una agenda cargada en Nueva York<\/p>\n<p>Durante los cuatro d\u00edas de su estancia en Nueva York, S\u00e1nchez participar\u00e1 tambi\u00e9n en <strong>un acto de ONU mujeres<\/strong>; en <strong>una cumbre clim\u00e1tica<\/strong>; en una nueva edici\u00f3n del foro en <strong>defensa de la democracia<\/strong> que ha impulsado principalmente junto a varios presidentes latinoamericanos.<\/p>\n<p>Pedro S\u00e1nchez participar\u00e1 adem\u00e1s en un evento sobre las relaciones econ\u00f3micas entre <strong>Espa\u00f1a, Estados Unidos y Am\u00e9rica Latina<\/strong>, y en otro sobre el futuro de la <strong>inteligencia artificial<\/strong>. <\/p>\n<p>El presidente del Gobierno de Espa\u00f1a tiene agendadas adem\u00e1s una serie de reuniones bilaterales, entre ellas una con el presidente de Ucrania, <strong>Volod\u00edmir Zelenski<\/strong>, y estar\u00e1 presente en la ONU durante <strong>la intervenci\u00f3n del Rey Felipe VI<\/strong> ante la Asamblea General.<\/p>\n<p>El potencial de Espa\u00f1a como motor econ\u00f3mico de la UE<\/p>\n<p>Pedro S\u00e1nchez mantuvo este lunes una reuni\u00f3n con representantes de firmas financieras estadounidenses para trasladarles el potencial de Espa\u00f1a y el papel que considera que tiene el pa\u00eds como <strong>motor econ\u00f3mico de Europa<\/strong>.<\/p>\n<p>A la reuni\u00f3n con inversores de Estados Unidos en la Oficina Econ\u00f3mica y Comercial de Espa\u00f1a en Nueva York asistieron representantes de fondos y empresas como Brookfield, Bank of New York Mellon, Carlyle, Citi, Goldman Sachs, Invesco, Providence y Soros Fund Management.<\/p>\n<p>Seg\u00fan fuentes del Gobierno espa\u00f1ol, S\u00e1nchez intercambi\u00f3 con ellos su visi\u00f3n sobre las principales fortalezas y retos a las que se enfrente <strong>la econom\u00eda espa\u00f1ola en el actual contexto internacional<\/strong>.<\/p>\n<p>La defensa de la inmigraci\u00f3n como motor del empleo en Espa\u00f1a<\/p>\n<p>Uno de los temas del discurso del presidente S\u00e1nchez fue la defensa de la inmigraci\u00f3n como motor del empleo en Espa\u00f1a en los \u00faltimos siete a\u00f1os. S\u00e1nchez asegur\u00f3 que durante los a\u00f1os de su Gobierno, Espa\u00f1a ha recibido \u00abm\u00e1s de 2 millones de inmigrantes\u00bb, lo que ha hecho que \u00ab<strong>la tasa de desempleo se ha reducido en m\u00e1s de un 40%<\/strong>\u00ab.<\/p>\n<p>S\u00e1nchez destac\u00f3 <strong>el crecimiento econ\u00f3mico de Espa\u00f1a<\/strong> recalcando que se sit\u00faa a la cabeza de las grandes econom\u00edas de la Uni\u00f3n Europea. Se\u00f1al\u00f3 adem\u00e1s la <strong>creciente creaci\u00f3n de empleo<\/strong>, factores que han llevado al Gobierno espa\u00f1ol a aumentar al 2,7 % del PIB la previsi\u00f3n de crecimiento para este 2025.<\/p>\n<p>Pedro S\u00e1nchez tiene previsto adem\u00e1s otro encuentro con Larry Fink, presidente de <strong>BlackRock (el mayor gestor de activos del mundo)<\/strong>, con quien el jefe del Gobierno espa\u00f1ol se ha reunido ya en varias ocasiones.<\/p>\n","protected":false},"excerpt":{"rendered":"Por&amp;nbspEscarlata S\u00e1nchez&amp;nbsp&amp;&amp;nbspEuronews en espa\u00f1ol Publicado 22\/09\/2025 &#8211; 21:49 CEST \u2022Ultima actualizaci\u00f3n 21:53 PUBLICIDAD El presidente del Gobierno de&hellip;\n","protected":false},"author":2,"featured_media":132630,"comment_status":"","ping_status":"","sticky":false,"template":"","format":"standard","meta":{"footnotes":""},"categories":[8],"tags":[13241,17,18,25,24,13,14,1256,79,11,74,19,20,9,10,15,16,896,2959,23,12,21,22],"class_list":{"0":"post-132629","1":"post","2":"type-post","3":"status-publish","4":"format-standard","5":"has-post-thumbnail","7":"category-espana","8":"tag-benjamin-netanyahu","9":"tag-breaking-news","10":"tag-breakingnews","11":"tag-es","12":"tag-espana","13":"tag-featured-news","14":"tag-featurednews","15":"tag-franja-de-gaza","16":"tag-genocidio","17":"tag-headlines","18":"tag-israel","19":"tag-latest-news","20":"tag-latestnews","21":"tag-news","22":"tag-noticias","23":"tag-noticias-destacadas","24":"tag-noticiasdestacadas","25":"tag-nueva-york","26":"tag-pedro-sanchez","27":"tag-spain","28":"tag-titulares","29":"tag-ultimas-noticias","30":"tag-ultimasnoticias"},"share_on_mastodon":{"url":"","error":""},"_links":{"self":[{"href":"https:\/\/www.europesays.com\/es\/wp-json\/wp\/v2\/posts\/132629","targetHints":{"allow":["GET"]}}],"collection":[{"href":"https:\/\/www.europesays.com\/es\/wp-json\/wp\/v2\/posts"}],"about":[{"href":"https:\/\/www.europesays.com\/es\/wp-json\/wp\/v2\/types\/post"}],"author":[{"embeddable":true,"href":"https:\/\/www.europesays.com\/es\/wp-json\/wp\/v2\/users\/2"}],"replies":[{"embeddable":true,"href":"https:\/\/www.europesays.com\/es\/wp-json\/wp\/v2\/comments?post=132629"}],"version-history":[{"count":0,"href":"https:\/\/www.europesays.com\/es\/wp-json\/wp\/v2\/posts\/132629\/revisions"}],"wp:featuredmedia":[{"embeddable":true,"href":"https:\/\/www.europesays.com\/es\/wp-json\/wp\/v2\/media\/132630"}],"wp:attachment":[{"href":"https:\/\/www.europesays.com\/es\/wp-json\/wp\/v2\/media?parent=132629"}],"wp:term":[{"taxonomy":"category","embeddable":true,"href":"https:\/\/www.europesays.com\/es\/wp-json\/wp\/v2\/categories?post=132629"},{"taxonomy":"post_tag","embeddable":true,"href":"https:\/\/www.europesays.com\/es\/wp-json\/wp\/v2\/tags?post=132629"}],"curies":[{"name":"wp","href":"https:\/\/api.w.org\/{rel}","templated":true}]}}