{"id":132634,"date":"2025-09-22T21:53:11","date_gmt":"2025-09-22T21:53:11","guid":{"rendered":"https:\/\/www.europesays.com\/es\/132634\/"},"modified":"2025-09-22T21:53:11","modified_gmt":"2025-09-22T21:53:11","slug":"pablo-aguado-causa-baja-manana-en-logrono-por-lesion-y-sera-sustituido-por-aaron-palacio","status":"publish","type":"post","link":"https:\/\/www.europesays.com\/es\/132634\/","title":{"rendered":"Pablo Aguado causa baja ma\u00f1ana en Logro\u00f1o por lesi\u00f3n y ser\u00e1 sustituido por Aar\u00f3n Palacio"},"content":{"rendered":"<p data-gtm-element-container=\"modulo-texto-link\" class=\"paragraph\">Logro\u00f1o, 22 sep (EFE).- El diestro sevillano Pablo Aguado no podr\u00e1 torear ma\u00f1ana en la tercera corrida de la feria de San Mateo de Logro\u00f1o por culpa de una lesi\u00f3n y su puesto en el cartel ser\u00e1 cubierto por el aragon\u00e9s Aar\u00f3n Palacio.<\/p>\n<p data-gtm-element-container=\"modulo-texto-link\" class=\"paragraph\">La empresa que gestiona la plaza de toros de la capital riojana ha confirmado a EFE que ante la baja por lesi\u00f3n de Aguado han recurrido a Palacio, que torear\u00e1, as\u00ed, la tercera corrida de su carrera, ya que tom\u00f3 la alternativa el pasado d\u00eda 20 en Nimes (Francia) y un d\u00eda despu\u00e9s particip\u00f3 en el festejo de Logro\u00f1o.<\/p>\n<p data-gtm-element-container=\"modulo-texto-link\" class=\"paragraph\">El torero aragon\u00e9s de 20 a\u00f1os intentar\u00e1 continuar con su buena evoluci\u00f3n, ya que en las dos corridas anteriores ha salido a hombros.<\/p>\n<p data-gtm-element-container=\"modulo-texto-link\" class=\"paragraph\">Adem\u00e1s compartir\u00e1 cartel por primera vez con dos figuras, Roca Rey y Diego Urdiales, con reses de N\u00fa\u00f1ez del Cuvillo. EFE<\/p>\n<p data-gtm-element-container=\"modulo-texto-link\" class=\"paragraph\">1010786<\/p>\n<p data-gtm-element-container=\"modulo-texto-link\" class=\"paragraph\">lrj\/ep\/jlp<\/p>\n","protected":false},"excerpt":{"rendered":"Logro\u00f1o, 22 sep (EFE).- El diestro sevillano Pablo Aguado no podr\u00e1 torear ma\u00f1ana en la tercera corrida de&hellip;\n","protected":false},"author":2,"featured_media":128967,"comment_status":"","ping_status":"","sticky":false,"template":"","format":"standard","meta":{"footnotes":""},"categories":[277],"tags":[373,168,25,24,23,167,374],"class_list":{"0":"post-132634","1":"post","2":"type-post","3":"status-publish","4":"format-standard","5":"has-post-thumbnail","7":"category-toreo","8":"tag-bullfighting","9":"tag-deportes","10":"tag-es","11":"tag-espana","12":"tag-spain","13":"tag-sports","14":"tag-toreo"},"share_on_mastodon":{"url":"","error":""},"_links":{"self":[{"href":"https:\/\/www.europesays.com\/es\/wp-json\/wp\/v2\/posts\/132634","targetHints":{"allow":["GET"]}}],"collection":[{"href":"https:\/\/www.europesays.com\/es\/wp-json\/wp\/v2\/posts"}],"about":[{"href":"https:\/\/www.europesays.com\/es\/wp-json\/wp\/v2\/types\/post"}],"author":[{"embeddable":true,"href":"https:\/\/www.europesays.com\/es\/wp-json\/wp\/v2\/users\/2"}],"replies":[{"embeddable":true,"href":"https:\/\/www.europesays.com\/es\/wp-json\/wp\/v2\/comments?post=132634"}],"version-history":[{"count":0,"href":"https:\/\/www.europesays.com\/es\/wp-json\/wp\/v2\/posts\/132634\/revisions"}],"wp:featuredmedia":[{"embeddable":true,"href":"https:\/\/www.europesays.com\/es\/wp-json\/wp\/v2\/media\/128967"}],"wp:attachment":[{"href":"https:\/\/www.europesays.com\/es\/wp-json\/wp\/v2\/media?parent=132634"}],"wp:term":[{"taxonomy":"category","embeddable":true,"href":"https:\/\/www.europesays.com\/es\/wp-json\/wp\/v2\/categories?post=132634"},{"taxonomy":"post_tag","embeddable":true,"href":"https:\/\/www.europesays.com\/es\/wp-json\/wp\/v2\/tags?post=132634"}],"curies":[{"name":"wp","href":"https:\/\/api.w.org\/{rel}","templated":true}]}}