{"id":132639,"date":"2025-09-22T21:58:08","date_gmt":"2025-09-22T21:58:08","guid":{"rendered":"https:\/\/www.europesays.com\/es\/132639\/"},"modified":"2025-09-22T21:58:08","modified_gmt":"2025-09-22T21:58:08","slug":"la-doble-victoria-de-carlos-sainz-en-baku-en-el-escalon-mas-bajo-del-podio","status":"publish","type":"post","link":"https:\/\/www.europesays.com\/es\/132639\/","title":{"rendered":"la doble victoria de Carlos Sainz en Bak\u00fa en el escal\u00f3n m\u00e1s bajo del podio"},"content":{"rendered":"\n<p> \u00abNo puedo describir lo feliz que estoy y lo bien que se siente esto. <strong>Sabe incluso mejor que mi primer podio<\/strong>\u00ab. Su euf\u00f3rico mensaje por la radio al bajar la bandera a cuadros, la zambullida entre sus mec\u00e1nicos en el parque cerrado&#8230; <strong>Carlos Sainz <\/strong>no hab\u00eda ganado el <a href=\"https:\/\/www.elconfidencial.com\/deportes\/2025-09-21\/carrera-f1-azerbaiyan-resultado-directo_4213235\/\" target=\"_self\" rel=\"nofollow noopener\">Gran Premio de Azerbaiy\u00e1n<\/a> <strong>(ganado por Max Verstappen)<\/strong> pero lograba otro tipo de victoria. <a href=\"https:\/\/www.elconfidencial.com\/deportes\/formula-1\/2025-09-21\/carlos-sainz-increible-tercer-puesto-baku-mejor-podio-de-mi-vida_4213318\/\" target=\"_self\" rel=\"nofollow noopener\">El tercer puesto de Sainz en Bak\u00fa<\/a> implicaba mitad \u00e9xito deportivo, mitad reivindicaci\u00f3n personal, ambas facetas en dura pugna. <\/p>\n<p> \u00abEste es un deporte de rachas, la vida es as\u00ed, <strong>y si ten\u00eda que pasar por todo es por algo, porque iba a venir este podio<\/strong>, y al final prefiero que me hayan pasado esas catorce malas y conseguir el podio para Williams, lo que te demuestra que todo llega\u00bb, reflexionaba al terminar. <\/p>\n<p> \u00bfEl piloto fichado con vitola de estrella desde Ferrari que no terminaba de cuajar? Primer podio de Williams en la era de<strong> James Vowles<\/strong>. Incluso antes que Ferrari con<strong> Lewis Hamilton<\/strong>. A tal iron\u00eda, otra satisfacci\u00f3n simb\u00f3lica: <strong>el madrile\u00f1o es el segundo piloto de la historia, despu\u00e9s de Alain Prost<\/strong>, en lograr un podio con los tres cl\u00e1sicos de la F\u00f3rmula 1:<strong> McLaren, Ferrari, y ahora Williams<\/strong>. Y adem\u00e1s Sainz escrib\u00eda el en\u00e9simo cap\u00edtulo en su libro en la F\u00f3rmula 1: siempre que el destino le estruja, siempre se zafa a lo grande. <\/p>\n<blockquote class=\"twitter-tweet\">\n<p lang=\"en\" dir=\"ltr\">One very proud Team Principal \u2935\ufe0f<a href=\"https:\/\/twitter.com\/hashtag\/F1?src=hash&amp;ref_src=twsrc%5Etfw\" rel=\"nofollow noopener\" target=\"_blank\">#F1<\/a> <a href=\"https:\/\/twitter.com\/hashtag\/AzerbaijanGP?src=hash&amp;ref_src=twsrc%5Etfw\" rel=\"nofollow noopener\" target=\"_blank\">#AzerbaijanGP<\/a> <a href=\"https:\/\/t.co\/sOZtW7MwHF\" rel=\"nofollow\">pic.twitter.com\/sOZtW7MwHF<\/a><\/p>\n<p>\u2014 Formula 1 (@F1) <a href=\"https:\/\/twitter.com\/F1\/status\/1969790246637170985?ref_src=twsrc%5Etfw\" rel=\"nofollow noopener\" target=\"_blank\">September 21, 2025<\/a><\/p><\/blockquote>\n<p>            La rueda peligrosa           <\/p>\n<p> Sainz ya hab\u00eda forjado parte de su \u00e9xito con su magn\u00edfica actuaci\u00f3n del s\u00e1bado. Quedaba la dif\u00edcil labor de <strong>recoger la siembra<\/strong> que tanto se agostaba los domingos. Sali\u00f3 con el neum\u00e1tico medio, frente al duro de Verstappen y Russell.<strong> Con tal estrategia, el segundo puesto no se hubiera escapado<\/strong>. Pero la prudencia aconsejaba el neum\u00e1tico m\u00e1s duro al salir por la zona sucia, porque posiciones perdidas en la primera curva costar\u00edan sangre recuperar despu\u00e9s, como luego se confirm\u00f3 para todos. <\/p>\n<p> <strong>En la vuelta 28, el madrile\u00f1o avis\u00f3 a su equipo que vigilara a Russell<\/strong> para evitar que le asestara un undercut. Era la rueda peligrosa, como se confirm\u00f3. Los duros de Russell rend\u00edan al final de su relevo mejor que los medios de Sainz, con lo que el brit\u00e1nico gan\u00f3 margen suficiente para volver unas d\u00e9cimas por delante tras una parada espl\u00e9ndida de sus mec\u00e1nicos. Con duros hasta el final, el Williams no ten\u00eda respuesta al Mercedes. <\/p>\n<p> Sin embargo, la historia no hab\u00eda terminado. <strong>\u00abDej\u00e1dmelo a m\u00ed\u00bb, pidi\u00f3 Sainz a los suyos<\/strong> cuando le avisaban de la amenaza siempre latente de<strong> Kimi Antonelli<\/strong>. Iba de medio segundo arriba o abajo para impedir que el italiano le hiciera hombre muerto con el DRS en la eterna recta de Bak\u00fa. Sainz no fall\u00f3. Entr\u00f3 gritando como loco en la meta. \u00abAl final, <a href=\"https:\/\/www.elconfidencial.com\/deportes\/formula-1\/2025-09-17\/alonso-sainz-formula-1-williams-aston-martin_4210229\/\" target=\"_self\" rel=\"nofollow noopener\">a la que ha llegado la primera oportunidad de lograr un podio<\/a>, lo hemos conseguido,<strong> le he dado a Williams ese primer podio por m\u00e9ritos propios<\/strong>, \u00e9ramos el tercer coche m\u00e1s r\u00e1pido en pista en muchas ocasiones y estoy muy feliz, muy contento, la verdad\u00bb. <\/p>\n<blockquote class=\"twitter-tweet\">\n<p lang=\"en\" dir=\"ltr\">Podium bubbles for our top three \ud83c\udfc6\ud83c\udf7e<a href=\"https:\/\/twitter.com\/hashtag\/F1?src=hash&amp;ref_src=twsrc%5Etfw\" rel=\"nofollow noopener\" target=\"_blank\">#F1<\/a> <a href=\"https:\/\/twitter.com\/hashtag\/AzerbaijanGP?src=hash&amp;ref_src=twsrc%5Etfw\" rel=\"nofollow noopener\" target=\"_blank\">#AzerbaijanGP<\/a> <a href=\"https:\/\/t.co\/cZLJINU69b\" rel=\"nofollow\">pic.twitter.com\/cZLJINU69b<\/a><\/p>\n<p>\u2014 Formula 1 (@F1) <a href=\"https:\/\/twitter.com\/F1\/status\/1969762527597969684?ref_src=twsrc%5Etfw\" rel=\"nofollow noopener\" target=\"_blank\">September 21, 2025<\/a><\/p><\/blockquote>\n<p>            El unicornio en el casco           <\/p>\n<p> <strong>James Vowles<\/strong> estaba emocionado. \u00ab<a href=\"https:\/\/www.elconfidencial.com\/deportes\/formula-1\/2025-09-15\/sainz-williams-formula-1-james-vowles_4208359\/\" target=\"_self\" rel=\"nofollow noopener\">Carlos puso su confianza y fe en m\u00ed hace un a\u00f1o<\/a> y ver lo que ha significado el podio para \u00e9l y el equipo es la recompensa&#8230; Tengo ganas de llevarle el trofeo a las mil personas a la f\u00e1brica\u00bb. Porque se trataba de algo m\u00e1s que un ins\u00f3lito podio: confirmaba a los accionistas de Williams la apuesta con el madrile\u00f1o, su salario, as\u00ed como la progresi\u00f3n creciente de la organizaci\u00f3n. <strong>El podio ha hecho la temporada de Williams<\/strong>. Para Sainz, lo mismo, pero a la inversa. <\/p>\n<p> En la sala pre-podio,<strong> Verstappen y Russell bromeaban con esa pegatina de un unicornio infantil que Sainz llevaba en el casco<\/strong>. En un v\u00eddeo en las redes sociales, una ni\u00f1a le hab\u00eda pedido que llevara en el casco la pegatina del mu\u00f1eco que ten\u00eda entre manos. Sainz accedi\u00f3 a la petici\u00f3n y quiz\u00e1s ya no se lo quite en 2025 como talism\u00e1n. <\/p>\n<blockquote class=\"twitter-tweet\">\n<p lang=\"en\" dir=\"ltr\">A promise that Carlos was never going to break \ud83e\udd84\ud83d\udc99 <a href=\"https:\/\/t.co\/HciH6cbLOD\" rel=\"nofollow\">pic.twitter.com\/HciH6cbLOD<\/a><\/p>\n<p>\u2014 Atlassian Williams Racing (@WilliamsRacing) <a href=\"https:\/\/twitter.com\/WilliamsRacing\/status\/1969083007483920423?ref_src=twsrc%5Etfw\" rel=\"nofollow noopener\" target=\"_blank\">September 19, 2025<\/a><\/p><\/blockquote>\n<p>            Cuanto m\u00e1s aprieta la F\u00f3rmula 1           <\/p>\n<p> \u00abEste s\u00e1bado dije que un podio era mucho pedir, era so\u00f1ar, pero so\u00f1ar es gratis y algunos sue\u00f1os siempre se cumplen, es lo que me ha ense\u00f1ado la vida todos estos a\u00f1os\u00bb, reflexionaba un Sainz aliviado por escapar de la sima. \u00abHemos tenido un a\u00f1o muy duro, de todos los pilotos que han cambiado de equipo creo, sinceramente, <strong>que he sido el que mejor se ha adaptado al coche<\/strong>, m\u00e1s r\u00e1pido ha ido desde el principio de temporada, pero por alguna raz\u00f3n que todav\u00eda entiendo he tenido una racha de doce o catorce carreras <a href=\"https:\/\/www.elconfidencial.com\/deportes\/formula-1\/2025-09-19\/alonso-sainz-aston-martin-williams-gp-azerbaiyan_4211755\/\" target=\"_self\" rel=\"nofollow noopener\">en las que cada d\u00eda nos pasaba algo diferente<\/a>\u00ab, reflexionaba Sainz al terminar. \u00abHa sido muy duro tambi\u00e9n para mis ingenieros, para m\u00ed, a nivel mental, no sab\u00edamos por qu\u00e9 si \u00edbamos r\u00e1pido y todo iba bien, no sal\u00edan las cosas\u2026 Pero al final este deporte son rachas, la vida es as\u00ed\u2026\u00bb. <\/p>\n<p> \u00abAhora entiendo por qu\u00e9 pas\u00f3 todo, porque el primer podio ten\u00eda que llegar as\u00ed. Es la vida.<strong> A veces la vida te trae estos malos momentos para darte uno muy bueno<\/strong>\u00ab,<strong> <\/strong>declaraba debajo del podio. Cuando lleg\u00f3 a McLaren, los resultados inicialmente no sal\u00edan por tantos incidentes, las dificultades para escapar de la \u00f3rbita de Red Bull, el arranque de la primera y segunda temporadas en Ferrari\u2026 <strong>Como esa operaci\u00f3n de apendicitis en su mejor momento de 2024<\/strong>, a\u00fan al rojo vivo la decisi\u00f3n de Ferrari de sustituirle por Hamilton, para ganar al Gran Premio siguiente en Australia\u2026. Cu\u00e1nto m\u00e1s aprieta la F\u00f3rmula 1 y la vida a Carlos Sainz, m\u00e1s se crece. Aunque la fortuna se haga de rogar. <\/p>\n<p> \u00abNo puedo describir lo feliz que estoy y lo bien que se siente esto. <strong>Sabe incluso mejor que mi primer podio<\/strong>\u00ab. Su euf\u00f3rico mensaje por la radio al bajar la bandera a cuadros, la zambullida entre sus mec\u00e1nicos en el parque cerrado&#8230; <strong>Carlos Sainz <\/strong>no hab\u00eda ganado el <a href=\"https:\/\/www.elconfidencial.com\/deportes\/2025-09-21\/carrera-f1-azerbaiyan-resultado-directo_4213235\/\" target=\"_self\" rel=\"nofollow noopener\">Gran Premio de Azerbaiy\u00e1n<\/a> <strong>(ganado por Max Verstappen)<\/strong> pero lograba otro tipo de victoria. <a href=\"https:\/\/www.elconfidencial.com\/deportes\/formula-1\/2025-09-21\/carlos-sainz-increible-tercer-puesto-baku-mejor-podio-de-mi-vida_4213318\/\" target=\"_self\" rel=\"nofollow noopener\">El tercer puesto de Sainz en Bak\u00fa<\/a> implicaba mitad \u00e9xito deportivo, mitad reivindicaci\u00f3n personal, ambas facetas en dura pugna. <\/p>\n<p>              <script async src=\"https:\/\/platform.twitter.com\/widgets.js\" charset=\"utf-8\"><\/script><\/p>\n","protected":false},"excerpt":{"rendered":"\u00abNo puedo describir lo feliz que estoy y lo bien que se siente esto. Sabe incluso mejor que&hellip;\n","protected":false},"author":2,"featured_media":132640,"comment_status":"","ping_status":"","sticky":false,"template":"","format":"standard","meta":{"footnotes":""},"categories":[270],"tags":[168,25,24,306,271,272,23,167],"class_list":{"0":"post-132639","1":"post","2":"type-post","3":"status-publish","4":"format-standard","5":"has-post-thumbnail","7":"category-formula-1","8":"tag-deportes","9":"tag-es","10":"tag-espana","11":"tag-f1","12":"tag-formula-1","13":"tag-formula1","14":"tag-spain","15":"tag-sports"},"share_on_mastodon":{"url":"","error":""},"_links":{"self":[{"href":"https:\/\/www.europesays.com\/es\/wp-json\/wp\/v2\/posts\/132639","targetHints":{"allow":["GET"]}}],"collection":[{"href":"https:\/\/www.europesays.com\/es\/wp-json\/wp\/v2\/posts"}],"about":[{"href":"https:\/\/www.europesays.com\/es\/wp-json\/wp\/v2\/types\/post"}],"author":[{"embeddable":true,"href":"https:\/\/www.europesays.com\/es\/wp-json\/wp\/v2\/users\/2"}],"replies":[{"embeddable":true,"href":"https:\/\/www.europesays.com\/es\/wp-json\/wp\/v2\/comments?post=132639"}],"version-history":[{"count":0,"href":"https:\/\/www.europesays.com\/es\/wp-json\/wp\/v2\/posts\/132639\/revisions"}],"wp:featuredmedia":[{"embeddable":true,"href":"https:\/\/www.europesays.com\/es\/wp-json\/wp\/v2\/media\/132640"}],"wp:attachment":[{"href":"https:\/\/www.europesays.com\/es\/wp-json\/wp\/v2\/media?parent=132639"}],"wp:term":[{"taxonomy":"category","embeddable":true,"href":"https:\/\/www.europesays.com\/es\/wp-json\/wp\/v2\/categories?post=132639"},{"taxonomy":"post_tag","embeddable":true,"href":"https:\/\/www.europesays.com\/es\/wp-json\/wp\/v2\/tags?post=132639"}],"curies":[{"name":"wp","href":"https:\/\/api.w.org\/{rel}","templated":true}]}}