{"id":132649,"date":"2025-09-22T22:03:10","date_gmt":"2025-09-22T22:03:10","guid":{"rendered":"https:\/\/www.europesays.com\/es\/132649\/"},"modified":"2025-09-22T22:03:10","modified_gmt":"2025-09-22T22:03:10","slug":"el-forense-borja-moreno-presentara-en-diego-marin-su-libro-abierto-en-canal","status":"publish","type":"post","link":"https:\/\/www.europesays.com\/es\/132649\/","title":{"rendered":"El forense Borja Moreno presentar\u00e1 en Diego Mar\u00edn su libro &#8216;Abierto en canal&#8217;"},"content":{"rendered":"<p><img fetchpriority=\"high\" class=\"v-a-img\" src=\"https:\/\/www.europesays.com\/es\/wp-content\/uploads\/2025\/09\/205353986-kXIC--1200x840@La Verdad.jpg\" loading=\"eager\" decoding=\"async\" alt=\"Borja Moreno.\"  width=\"1200\" height=\"840\"\/><\/p>\n<p>Borja Moreno.          LV        <\/p>\n<p>\u00abMi profesi\u00f3n hace tiempo que dej\u00f3 de ser un campo oscuro, gris, aburrido, de corbata y traje negro\u00bb, asegura<\/p>\n<p class=\"v-mdl-ath__p v-mdl-ath__p--6\">\nLunes, 22 de septiembre 2025, 23:54<\/p>\n<p class=\"v-p\">El doctor Borja Moreno, m\u00e9dico forense, presenta su libro &#8216;Abierto en canal&#8217; el pr\u00f3ximo viernes 26 de septiembre, a las 19 horas, en la librer\u00eda Diego Mar\u00edn, en Murcia, junto a Rafael Ba\u00f1\u00f3n, tambi\u00e9n m\u00e9dico forense, y la poeta y diputada socialista Magdalena S\u00e1nchez Blesa.<\/p>\n<p class=\"v-p\">\u00abHola, soy Borja, un tipo poco convencional. Supongo que ning\u00fan m\u00e9dico forense lo es, porque hacemos hablar a los muertos&#8230; y ayudamos tambi\u00e9n a los vivos. Y es que si piensas que mi trabajo consiste \u00fanicamente en hacer autopsias, te equivocas\u00bb. As\u00ed se presenta este m\u00e9dico y tambi\u00e9n escritor, que invita al lector a \u00abdescubrir el mundo de la psiquiatr\u00eda forense y ser testigo de c\u00f3mo estudiamos el estado mental de las personas v\u00edctimas o investigadas en un caso judicial; ver\u00e1s c\u00f3mo detectamos sustancias clave que explican un accidente o un homicidio; la manera en que averiguamos qu\u00e9 produjo las heridas en un cuerpo, o c\u00f3mo la sexolog\u00eda forense entiende los hallazgos caracter\u00edsticos en una v\u00edctima de violaci\u00f3n\u00bb. El lector tambi\u00e9n podr\u00e1 \u00abobservar de qu\u00e9 forma la muerte es capaz de contarnos los m\u00e1s \u00edntimos secretos de quienes han fallecido en las circunstancias m\u00e1s dudosas o m\u00e1s dram\u00e1ticas\u00bb.<\/p>\n<p class=\"v-p\">El libro incluye \u00abhistorias curiosas, sorprendentes; algunas sobrecogedoras, otras incluso divertidas, todas de primera mano\u00bb. Seg\u00fan Moreno, \u00abmi profesi\u00f3n hace tiempo que dej\u00f3 de ser un campo oscuro, gris, aburrido, de corbata y traje negro\u00bb. Borja Moreno es licenciado en Medicina por la Universidad de Extremadura, aprob\u00f3 las oposiciones al Cuerpo Nacional de M\u00e9dicos Forenses, \u00e1rea en la que ha trabajado desde 2009 en diversos Institutos de Medicina Legal y Ciencias Forenses. Ha centrado su formaci\u00f3n en sexolog\u00eda forense. Adem\u00e1s, es profesor en la Universidad de les Illes Balears desde 2021. Adem\u00e1s, es un apasionado comunicador con una presencia muy activa en redes sociales, donde comparte su experiencia creando contenido sobre su profesi\u00f3n.<\/p>\n<p>Comenta<\/p>\n<p>Reporta un error<\/p>\n","protected":false},"excerpt":{"rendered":"Borja Moreno. LV \u00abMi profesi\u00f3n hace tiempo que dej\u00f3 de ser un campo oscuro, gris, aburrido, de corbata&hellip;\n","protected":false},"author":2,"featured_media":132650,"comment_status":"","ping_status":"","sticky":false,"template":"","format":"standard","meta":{"footnotes":""},"categories":[172],"tags":[1046,224,7533,4632,15477,146,147,25,24,26256,1496,225,8016,1712,17178,23],"class_list":{"0":"post-132649","1":"post","2":"type-post","3":"status-publish","4":"format-standard","5":"has-post-thumbnail","7":"category-libros","8":"tag-abierto","9":"tag-books","10":"tag-borja","11":"tag-canal","12":"tag-diego","13":"tag-entertainment","14":"tag-entretenimiento","15":"tag-es","16":"tag-espana","17":"tag-forense","18":"tag-libro","19":"tag-libros","20":"tag-marin","21":"tag-moreno","22":"tag-presentara","23":"tag-spain"},"share_on_mastodon":{"url":"","error":""},"_links":{"self":[{"href":"https:\/\/www.europesays.com\/es\/wp-json\/wp\/v2\/posts\/132649","targetHints":{"allow":["GET"]}}],"collection":[{"href":"https:\/\/www.europesays.com\/es\/wp-json\/wp\/v2\/posts"}],"about":[{"href":"https:\/\/www.europesays.com\/es\/wp-json\/wp\/v2\/types\/post"}],"author":[{"embeddable":true,"href":"https:\/\/www.europesays.com\/es\/wp-json\/wp\/v2\/users\/2"}],"replies":[{"embeddable":true,"href":"https:\/\/www.europesays.com\/es\/wp-json\/wp\/v2\/comments?post=132649"}],"version-history":[{"count":0,"href":"https:\/\/www.europesays.com\/es\/wp-json\/wp\/v2\/posts\/132649\/revisions"}],"wp:featuredmedia":[{"embeddable":true,"href":"https:\/\/www.europesays.com\/es\/wp-json\/wp\/v2\/media\/132650"}],"wp:attachment":[{"href":"https:\/\/www.europesays.com\/es\/wp-json\/wp\/v2\/media?parent=132649"}],"wp:term":[{"taxonomy":"category","embeddable":true,"href":"https:\/\/www.europesays.com\/es\/wp-json\/wp\/v2\/categories?post=132649"},{"taxonomy":"post_tag","embeddable":true,"href":"https:\/\/www.europesays.com\/es\/wp-json\/wp\/v2\/tags?post=132649"}],"curies":[{"name":"wp","href":"https:\/\/api.w.org\/{rel}","templated":true}]}}