{"id":132651,"date":"2025-09-22T22:04:11","date_gmt":"2025-09-22T22:04:11","guid":{"rendered":"https:\/\/www.europesays.com\/es\/132651\/"},"modified":"2025-09-22T22:04:11","modified_gmt":"2025-09-22T22:04:11","slug":"disney-anuncia-que-el-programa-de-jimmy-kimmel-regresara-al-aire-tras-haber-sido-suspendido-por-los-comentarios-del-presentador-sobre-el-asesinato-de-charlie-kirk","status":"publish","type":"post","link":"https:\/\/www.europesays.com\/es\/132651\/","title":{"rendered":"Disney anuncia que el programa de Jimmy Kimmel regresar\u00e1 al aire tras haber sido suspendido por los comentarios del presentador sobre el asesinato de Charlie Kirk"},"content":{"rendered":"<p><img fetchpriority=\"high\" decoding=\"async\" src=\"https:\/\/www.europesays.com\/es\/wp-content\/uploads\/2025\/09\/ade226b0-97f0-11f0-be9f-872dac3e9076.jpg.webp.webp\"   alt=\"Jimmy Kimmel sostiene una estatuilla de los Emmy mientras luce un esmoquin y mira a la c\u00e1mara\" loading=\"eager\" width=\"5000\" height=\"2812\" style=\"aspect-ratio:5000 \/ 2812\" class=\"bbc-139onq\"\/><\/p>\n<p class=\"bbc-by8ykd\" role=\"text\">Fuente de la imagen, Getty Images<\/p>\n<p>Pie de foto, Jimmy Kimmel es un exitoso presentador y comediante estadounidense.<strong id=\"article-byline\" aria-hidden=\"true\" class=\"bbc-m04vo2\">Informaci\u00f3n del art\u00edculo<\/strong><\/p>\n<ul class=\"bbc-1rvtlej\">\n<li class=\"bbc-oe8da4\">\n<ul role=\"list\" class=\"bbc-r1yif8\">\n<li>Autor, Brandon Livesay y Aoife Walsh<\/li>\n<li>T\u00edtulo del autor,  BBC News<\/li>\n<\/ul>\n<\/li>\n<li class=\"bbc-1clfxfc\">\n<p>47 minutos<\/p>\n<\/li>\n<li class=\"bbc-1clfxfc\"\/><\/ul>\n<p dir=\"ltr\" class=\"bbc-hhl7in e17g058b0\"><b>Jimmy Kimmel volver\u00e1 al aire este martes despu\u00e9s de que su programa fuera suspendido por los comentarios que hizo sobre la muerte del activista conservador Charlie Kirk, seg\u00fan inform\u00f3 Disney.<\/b><\/p>\n<p dir=\"ltr\" class=\"bbc-hhl7in e17g058b0\">En un comunicado, la compa\u00f1\u00eda se\u00f1al\u00f3: \u00abEl mi\u00e9rcoles pasado, tomamos la decisi\u00f3n de suspender la producci\u00f3n del programa para evitar agravar a\u00fan m\u00e1s una situaci\u00f3n tensa en un momento emotivo para nuestro pa\u00eds\u00bb.<\/p>\n<p dir=\"ltr\" class=\"bbc-hhl7in e17g058b0\">\u00abEs una decisi\u00f3n que tomamos porque consideramos que algunos de los comentarios fueron inoportunos y, por lo tanto, insensibles. En los \u00faltimos d\u00edas mantuvimos conversaciones profundas con Jimmy y, tras ellas, tomamos la decisi\u00f3n de reanudar el programa el martes\u00bb.<\/p>\n<p dir=\"ltr\" class=\"bbc-hhl7in e17g058b0\">Disney es due\u00f1a de la cadena ABC, que transmite el programa de Kimmel en EE.UU. desde 2003.<\/p>\n<p dir=\"ltr\" class=\"bbc-hhl7in e17g058b0\">ABC anunci\u00f3 la suspensi\u00f3n indefinida del show luego de que el comediante dijera en su mon\u00f3logo del 15 de septiembre que los seguidores de Trump \u2014a quienes se refiri\u00f3 como una \u00abpandilla\u00bb\u2014 estaban tratando de sacar r\u00e9ditos pol\u00edticos del asesinato de Kirk.<\/p>\n<p dir=\"ltr\" class=\"bbc-hhl7in e17g058b0\">El presentador tambi\u00e9n brome\u00f3 sobre una respuesta que dio el presidente Donald Trump ante una pregunta de los periodistas sobre la muerte de Kirk.<\/p>\n<p dir=\"ltr\" class=\"bbc-hhl7in e17g058b0\">\u00abAs\u00ed no es como un adulto llora la muerte de alguien a quien llama amigo. As\u00ed es como un ni\u00f1o de 4 a\u00f1os llora la muerte de un pez dorado\u00bb, dijo.<\/p>\n<p dir=\"ltr\" class=\"bbc-hhl7in e17g058b0\">Los comentarios de Kimmel provocaron el rechazo de Brendan Carr, presidente de la Comisi\u00f3n Federal de Comunicaciones, la autoridad en materia de radio y televisi\u00f3n en EE.UU.<\/p>\n<p dir=\"ltr\" class=\"bbc-hhl7in e17g058b0\">Carr, nombrado por Trump, afirm\u00f3 en un podcast que los comentarios de Kimmel mostraban \u00abla conducta m\u00e1s enfermiza posible\u00bb e inst\u00f3 a Disney a tomar medidas.<\/p>\n<p dir=\"ltr\" class=\"bbc-hhl7in e17g058b0\">\u00abPodemos hacerlo por las buenas o por las malas. Estas empresas pueden encontrar formas de cambiar su conducta, de tomar medidas, francamente, contra Kimmel, o, ya saben, la FCC tendr\u00e1 m\u00e1s trabajo que hacer\u00bb, se\u00f1al\u00f3.<\/p>\n<p dir=\"ltr\" class=\"bbc-hhl7in e17g058b0\">A las pocas horas, ABC, la cadena que transmite Jimmy Kimmel Live! anunci\u00f3 la suspensi\u00f3n del programa, una noticia que el presidente Donald Trump celebr\u00f3 calific\u00e1ndola como \u00abuna gran noticia para Estados Unidos\u00bb.<\/p>\n<p dir=\"ltr\" class=\"bbc-hhl7in e17g058b0\">Posteriormente, Trump dijo que Kimmel no ten\u00eda talento y que hac\u00eda mucho tiempo lo deb\u00edan haber despedido por su baja audiencia.<\/p>\n<p><img decoding=\"async\" src=\"https:\/\/www.europesays.com\/es\/wp-content\/uploads\/2025\/09\/44513930-97f9-11f0-858a-a904eacbef23.png.webp.webp\"   alt=\"El asesinato de Charlie Kirk ha polarizado a\u00fan m\u00e1s a la sociedad estadounidense.\" loading=\"lazy\" width=\"1123\" height=\"719\" style=\"aspect-ratio:1123 \/ 719\" class=\"bbc-139onq\"\/><\/p>\n<p class=\"bbc-by8ykd\" role=\"text\">Fuente de la imagen, Getty Images<\/p>\n<p>Pie de foto, El asesinato de Charlie Kirk ha polarizado a\u00fan m\u00e1s a la sociedad estadounidense.<\/p>\n<p>La presi\u00f3n a Disney<\/p>\n<p dir=\"ltr\" class=\"bbc-hhl7in e17g058b0\">La suspensi\u00f3n desat\u00f3 una cascada de reacciones de rechazo por parte de pol\u00edticos dem\u00f3cratas que se\u00f1alaron que la medida iba en contra de la libertad de expresi\u00f3n, consignada en la primera enmienda de la Constituci\u00f3n estadounidense.<\/p>\n<p dir=\"ltr\" class=\"bbc-hhl7in e17g058b0\">El gobernador de California, Gavin Newsom, defini\u00f3 la medida como \u00abun comportamiento corrupto, despreciable y cobarde\u00bb y \u00abun esfuerzo coordinado para controlar a los medios\u00bb.<\/p>\n<p dir=\"ltr\" class=\"bbc-hhl7in e17g058b0\">El expresidente Barack Obama, por su parte, dijo: \u00abTras a\u00f1os quej\u00e1ndose de la cultura de la cancelaci\u00f3n, la administraci\u00f3n actual la ha llevado a un nuevo y peligroso nivel al amenazar rutinariamente con acciones regulatorias contra los medios a menos que silencien o despidan a los reporteros y comentaristas que no le gustan\u00bb.<\/p>\n<p dir=\"ltr\" class=\"bbc-hhl7in e17g058b0\">Cientos de celebridades, incluidas Jennifer Aniston, Meryl Streep y Robert DeNiro, tambi\u00e9n expresaron su rechazo en una carta que calificaba la suspensi\u00f3n del programa de Kimmel como \u00abun momento oscuro para la libertad de expresi\u00f3n en nuestro pa\u00eds\u00bb.<\/p>\n<p dir=\"ltr\" class=\"bbc-hhl7in e17g058b0\">\u00abLos esfuerzos de los l\u00edderes por presionar a artistas, periodistas y empresas con represalias por sus declaraciones atacan la esencia misma de lo que significa vivir en un pa\u00eds libre\u00bb, se\u00f1alaba la carta.<\/p>\n<p dir=\"ltr\" class=\"bbc-hhl7in e17g058b0\">Durante la \u00faltima semana, hubo protestas contra Disney y en apoyo a Kimmel fuera de las oficinas de la empresa en Nueva York y California, y en el exterior del teatro donde se suele grabar el programa en Los \u00c1ngeles.<\/p>\n<p dir=\"ltr\" class=\"bbc-hhl7in e17g058b0\">En palabras de la corresponsal de BBC News para Norteam\u00e9rica, Nomia Iqbal, \u00abla presi\u00f3n parece haber funcionado\u00bb.<\/p>\n<p><img decoding=\"async\" src=\"https:\/\/www.europesays.com\/es\/wp-content\/uploads\/2025\/09\/98822e30-97f7-11f0-928c-71dbb8619e94.png.webp.webp\"   alt=\"L\u00ednea gris\" loading=\"lazy\" width=\"800\" height=\"100\" style=\"aspect-ratio:800 \/ 100\" class=\"bbc-139onq\"\/><\/p>\n<p dir=\"ltr\" class=\"bbc-hhl7in e17g058b0\"><a href=\"https:\/\/www.bbc.com\/mundo\/send\/u184973209\" class=\"focusIndicatorReducedWidth bbc-n8oauk e1p3sufg0\" rel=\"nofollow noopener\" target=\"_blank\">Suscr\u00edbete aqu\u00ed<\/a> a nuestro nuevo newsletter para recibir cada viernes una selecci\u00f3n de nuestro mejor contenido de la semana.<\/p>\n<p dir=\"ltr\" class=\"bbc-hhl7in e17g058b0\">Y recuerda que puedes recibir notificaciones en nuestra app. Descarga la \u00faltima versi\u00f3n y act\u00edvalas.<\/p>\n","protected":false},"excerpt":{"rendered":"Fuente de la imagen, Getty Images Pie de foto, Jimmy Kimmel es un exitoso presentador y comediante estadounidense.Informaci\u00f3n&hellip;\n","protected":false},"author":2,"featured_media":132652,"comment_status":"","ping_status":"","sticky":false,"template":"","format":"standard","meta":{"footnotes":""},"categories":[171],"tags":[146,147,25,24,23,214],"class_list":{"0":"post-132651","1":"post","2":"type-post","3":"status-publish","4":"format-standard","5":"has-post-thumbnail","7":"category-tv","8":"tag-entertainment","9":"tag-entretenimiento","10":"tag-es","11":"tag-espana","12":"tag-spain","13":"tag-tv"},"share_on_mastodon":{"url":"","error":""},"_links":{"self":[{"href":"https:\/\/www.europesays.com\/es\/wp-json\/wp\/v2\/posts\/132651","targetHints":{"allow":["GET"]}}],"collection":[{"href":"https:\/\/www.europesays.com\/es\/wp-json\/wp\/v2\/posts"}],"about":[{"href":"https:\/\/www.europesays.com\/es\/wp-json\/wp\/v2\/types\/post"}],"author":[{"embeddable":true,"href":"https:\/\/www.europesays.com\/es\/wp-json\/wp\/v2\/users\/2"}],"replies":[{"embeddable":true,"href":"https:\/\/www.europesays.com\/es\/wp-json\/wp\/v2\/comments?post=132651"}],"version-history":[{"count":0,"href":"https:\/\/www.europesays.com\/es\/wp-json\/wp\/v2\/posts\/132651\/revisions"}],"wp:featuredmedia":[{"embeddable":true,"href":"https:\/\/www.europesays.com\/es\/wp-json\/wp\/v2\/media\/132652"}],"wp:attachment":[{"href":"https:\/\/www.europesays.com\/es\/wp-json\/wp\/v2\/media?parent=132651"}],"wp:term":[{"taxonomy":"category","embeddable":true,"href":"https:\/\/www.europesays.com\/es\/wp-json\/wp\/v2\/categories?post=132651"},{"taxonomy":"post_tag","embeddable":true,"href":"https:\/\/www.europesays.com\/es\/wp-json\/wp\/v2\/tags?post=132651"}],"curies":[{"name":"wp","href":"https:\/\/api.w.org\/{rel}","templated":true}]}}