{"id":132653,"date":"2025-09-22T22:05:10","date_gmt":"2025-09-22T22:05:10","guid":{"rendered":"https:\/\/www.europesays.com\/es\/132653\/"},"modified":"2025-09-22T22:05:10","modified_gmt":"2025-09-22T22:05:10","slug":"el-himno-bailable-que-eligio-dua-lipa-para-hacer-en-vivo","status":"publish","type":"post","link":"https:\/\/www.europesays.com\/es\/132653\/","title":{"rendered":"El himno bailable que eligi\u00f3 Dua Lipa para hacer en vivo"},"content":{"rendered":"<p class=\"left paragraph font__body-regular\"><a href=\"https:\/\/tn.com.ar\/musica\/noticias\/2025\/06\/26\/dua-lipa-canto-uno-de-sus-hits-bajo-la-lluvia-en-liverpool-el-video-epico-que-se-volvio-viral\/\" target=\"_self\" rel=\"nofollow noopener\" title=\"https:\/\/tn.com.ar\/musica\/noticias\/2025\/06\/26\/dua-lipa-canto-uno-de-sus-hits-bajo-la-lluvia-en-liverpool-el-video-epico-que-se-volvio-viral\/\">Dua Lipa<\/a> est\u00e1 en plena gira mundial Radical Optimism Tour. Su propuesta musical y perform\u00e1tica<b> logr\u00f3 fascinar a todos los asistentes<\/b> a sus conciertos, donde tuvo importantes invitados y se anim\u00f3 con covers de cl\u00e1sicos, la cantante tuvo una noche especial en el <b>Madison Square Garden<\/b> de Nueva York.<\/p>\n<p class=\"left paragraph font__body-regular\">La estrella pop invit\u00f3 a<b> Nile Rodgers para una versi\u00f3n especial<\/b> de \u201cLe Freak\u201d, cl\u00e1sico de Chic de 1978, en la tercera de las cuatro noches en el famoso estadio. Un hit de la era disco y del legendario Studio 54.<\/p>\n<p class=\"left paragraph font__body-regular\"><b>Le\u00e9 tambi\u00e9n<\/b>: <a href=\"https:\/\/tn.com.ar\/musica\/noticias\/2025\/06\/26\/dua-lipa-canto-uno-de-sus-hits-bajo-la-lluvia-en-liverpool-el-video-epico-que-se-volvio-viral\/\" target=\"_self\" rel=\"nofollow noopener\" title=\"https:\/\/tn.com.ar\/musica\/noticias\/2025\/06\/26\/dua-lipa-canto-uno-de-sus-hits-bajo-la-lluvia-en-liverpool-el-video-epico-que-se-volvio-viral\/\">Dua Lipa cant\u00f3 uno de sus hits bajo la lluvia en Liverpool: el video \u00e9pico que se volvi\u00f3 viral<\/a><\/p>\n<p class=\"left paragraph font__body-regular\">Lipa explic\u00f3 que en Nueva York ten\u00eda muchas opciones para elegir la canci\u00f3n local. En fechas previas ya hab\u00eda versionado <b>\u201cOne Way Or Another\u201d<\/b> de Blondie y \u201c<b>No One<\/b>\u201d de Alicia Keys. Durante el tour, tambi\u00e9n invit\u00f3 a subir al escenario a Chaka Khan para \u201c<b>Ain\u2019t Nobody\u201d<\/b> en Chicago, a Jamiroquai para <b>\u201cVirtual Insanity<\/b>\u201d en Londres, a Neil Finn para \u201cDon\u2019t Dream It\u2019s Over\u201d en Auckland, y a Kevin Parker para \u201cThe Less I Know The Better\u201d en S\u00eddney.<\/p>\n<p>Las mejores versiones de Dua Lipa durante su gira mundial<\/p>\n<p class=\"left paragraph font__body-regular\">La estrella se present\u00f3 en Mil\u00e1n ante m\u00e1s de 70.000 personas y realiz\u00f3 un homenaje a <b>Raffaella Carr\u00e1<\/b> con el cl\u00e1sico \u201c<b>A far l\u2019amore comincia tu<\/b>\u201d, tambi\u00e9n conocida como \u201cEn el amor todo es empezar\u201d. Los fans respondieron cantando y bailando.<\/p>\n<p class=\"left paragraph font__body-regular\">En su paso por Espa\u00f1a, Dua interpret\u00f3 el tema<b> \u201cH\u00e9roe\u201d<\/b>, de Enrique Iglesias, en Madrid. El tour arranc\u00f3 por Australia y Nueva Zelanda y decidi\u00f3 festejarlo a lo grande. En el primero de los cinco shows, en el Rod Laver Arena de Melbourne, <b>la cantante le rindi\u00f3 homenaje a AC\/DC.<\/b><\/p>\n<p class=\"paragraph font__body-regular\">Adem\u00e1s, sum\u00f3 a sus sets \u201cMe gustas t\u00fa\u201d de Manu Chao, \u201cGet Lucky\u201d de Daft Punk, \u201c99 Luftballons\u201d de Nena, \u201cThe Less I Know The Better\u201d de Tame Impala\u201d.<\/p>\n<p class=\"paragraph font__body-regular\">El p\u00fablico argentino espera con ansias su llegada en noviembre a River para enfrentarse a este show internacional y conocer qu\u00e9 canciones argentas elegir\u00e1 para sumar a su setlist.<\/p>\n","protected":false},"excerpt":{"rendered":"Dua Lipa est\u00e1 en plena gira mundial Radical Optimism Tour. Su propuesta musical y perform\u00e1tica logr\u00f3 fascinar a&hellip;\n","protected":false},"author":2,"featured_media":132654,"comment_status":"","ping_status":"","sticky":false,"template":"","format":"standard","meta":{"footnotes":""},"categories":[170],"tags":[14008,146,147,25,24,184,185,23],"class_list":{"0":"post-132653","1":"post","2":"type-post","3":"status-publish","4":"format-standard","5":"has-post-thumbnail","7":"category-musica","8":"tag-dua-lipa","9":"tag-entertainment","10":"tag-entretenimiento","11":"tag-es","12":"tag-espana","13":"tag-music","14":"tag-musica","15":"tag-spain"},"share_on_mastodon":{"url":"","error":""},"_links":{"self":[{"href":"https:\/\/www.europesays.com\/es\/wp-json\/wp\/v2\/posts\/132653","targetHints":{"allow":["GET"]}}],"collection":[{"href":"https:\/\/www.europesays.com\/es\/wp-json\/wp\/v2\/posts"}],"about":[{"href":"https:\/\/www.europesays.com\/es\/wp-json\/wp\/v2\/types\/post"}],"author":[{"embeddable":true,"href":"https:\/\/www.europesays.com\/es\/wp-json\/wp\/v2\/users\/2"}],"replies":[{"embeddable":true,"href":"https:\/\/www.europesays.com\/es\/wp-json\/wp\/v2\/comments?post=132653"}],"version-history":[{"count":0,"href":"https:\/\/www.europesays.com\/es\/wp-json\/wp\/v2\/posts\/132653\/revisions"}],"wp:featuredmedia":[{"embeddable":true,"href":"https:\/\/www.europesays.com\/es\/wp-json\/wp\/v2\/media\/132654"}],"wp:attachment":[{"href":"https:\/\/www.europesays.com\/es\/wp-json\/wp\/v2\/media?parent=132653"}],"wp:term":[{"taxonomy":"category","embeddable":true,"href":"https:\/\/www.europesays.com\/es\/wp-json\/wp\/v2\/categories?post=132653"},{"taxonomy":"post_tag","embeddable":true,"href":"https:\/\/www.europesays.com\/es\/wp-json\/wp\/v2\/tags?post=132653"}],"curies":[{"name":"wp","href":"https:\/\/api.w.org\/{rel}","templated":true}]}}