{"id":132656,"date":"2025-09-22T22:07:21","date_gmt":"2025-09-22T22:07:21","guid":{"rendered":"https:\/\/www.europesays.com\/es\/132656\/"},"modified":"2025-09-22T22:07:21","modified_gmt":"2025-09-22T22:07:21","slug":"maria-laborda-bate-su-record-personal-en-mijas-y-lidera-la-copa-de-espana-de-escalada-de-velocidad","status":"publish","type":"post","link":"https:\/\/www.europesays.com\/es\/132656\/","title":{"rendered":"MAR\u00cdA LABORDA BATE SU R\u00c9CORD PERSONAL EN MIJAS Y LIDERA LA COPA DE ESPA\u00d1A DE ESCALADA DE VELOCIDAD"},"content":{"rendered":"<p><strong>Mar\u00eda Laborda Sagaste<\/strong>, del <strong>Club de Monta\u00f1a Exea<\/strong>, ha ganado la <strong>medalla de oro<\/strong>, en la <strong>categor\u00eda absoluta<\/strong>, en la <strong>segunda prueba<\/strong> de la <strong>Copa de Espa\u00f1a de Escalada de<\/strong> <strong>Velocidad<\/strong>, disputada este fin de semana en <strong>Mijas (M\u00e1laga)<\/strong>. La deportista de la Selecci\u00f3n Aragonesa <strong>bati\u00f3<\/strong> adem\u00e1s su <strong>mejor tiempo (7.58 segundos)<\/strong> y se sit\u00faa <strong>primera clasificada<\/strong> en la competici\u00f3n por <strong>el t\u00edtulo nacional, a falta de una \u00faltima cita<\/strong>.<\/p>\n<p>Este <strong>triunfo se suma<\/strong> a la medalla de <strong>bronce<\/strong> y anterior r\u00e9cord personal que este mismo septiembre consigui\u00f3 la escaladora <strong>en Madrid<\/strong>, en el <strong>Campeonato de Espa\u00f1a de Escalada de Velocidad<\/strong>, que tambi\u00e9n fue <strong>valedero<\/strong> como <strong>primera prueba para la Copa de Espa\u00f1a<\/strong>. La <strong>suma de puntos<\/strong> destaca as\u00ed a Mar\u00eda como <strong>l\u00edder<\/strong> para ganar esta \u00faltima competici\u00f3n, que se terminar\u00e1 de decidir con los resultados en la <strong>tercera prueba <\/strong>de Copa, el <strong>26 de octubre<\/strong> en <strong>Potes<\/strong> (Cantabria).<\/p>\n<p><strong>Mar\u00eda Laborda<\/strong> sigue demostrando as\u00ed su <strong>dominio<\/strong> en la <strong>escalada de velocidad<\/strong>, una espectacular modalidad en la que los deportistas se enfrentan <strong>por parejas<\/strong> para ascender una <strong>pared de 15 metros de altura con agarres establecidos<\/strong> (los mismos en todas las competiciones) en una aut\u00e9ntica carrera vertical. La escaladora ha sumado varios <strong>hitos a lo largo de su trayectoria<\/strong>, como la primera medalla femenina para Espa\u00f1a en una competici\u00f3n internacional y distintos t\u00edtulos europeos.<\/p>\n<p><strong>TRES FINALISTA EN LA COPA DE BLOQUE<\/strong><\/p>\n<p>En paralelo, <strong>Mijas<\/strong> acogi\u00f3 tambi\u00e9n la <strong>II prueba de la Copa de Espa\u00f1a de Bloque<\/strong>, que pone a prueba la t\u00e9cnica y la fuerza de los escaladores para superar sin cuerda cortas y exigentes rutas. Las dos competiciones, reunieron en el recinto ferial de Las Lagunas a un numeroso p\u00fablico, que pudo vivir de cerca la escalada en su m\u00e1ximo nivel.<\/p>\n<p>En esta ocasi\u00f3n, los participantes aragoneses, con la Selecci\u00f3n Aragonesa y el Grupo de Tecnificaci\u00f3n, se quedaron fuera de los podios. <strong>En categor\u00eda sub 19 masculina<\/strong> llegaron a la <strong>final<\/strong> <strong>Lizer Azn\u00e1rez Besc\u00f3s y Ador Ascaso Castellarnau<\/strong>; y <strong>en sub 17 femenina, Leire Monreal Oller<\/strong>. La representaci\u00f3n aragonesa se complet\u00f3 con Isis Sanz y Eloi Lorente, en la categor\u00eda absoluta; Malena Echalar, en sub19; y Asia Latorre e Ib\u00f3n Lorente, en sub 17.<\/p>\n<p>Adem\u00e1s de la emoci\u00f3n deportiva, los resultados en este evento resulta claves, ya que de \u00e9l saldr\u00e1n los representantes que integrar\u00e1n el equipo espa\u00f1ol de escalada en las competiciones internacionales.<\/p>\n<p><img loading=\"lazy\" decoding=\"async\" src=\"https:\/\/www.europesays.com\/es\/wp-content\/uploads\/2025\/09\/Lizer_Azn\u00e1rez.jpeg\" alt=\"Lizer Azn\u00e1rez\" width=\"150\" height=\"225\" style=\"display: block; margin-left: auto; margin-right: auto;\"\/><\/p>\n","protected":false},"excerpt":{"rendered":"Mar\u00eda Laborda Sagaste, del Club de Monta\u00f1a Exea, ha ganado la medalla de oro, en la categor\u00eda absoluta,&hellip;\n","protected":false},"author":2,"featured_media":132657,"comment_status":"","ping_status":"","sticky":false,"template":"","format":"standard","meta":{"footnotes":""},"categories":[93],"tags":[12967,4499,42332,3818,168,25,19525,24,15583,2500,7214,1265,5329,7942,9168,23,167,12731,491],"class_list":{"0":"post-132656","1":"post","2":"type-post","3":"status-publish","4":"format-standard","5":"has-post-thumbnail","7":"category-deportes","8":"tag-alpinismo","9":"tag-aragon","10":"tag-barranquismo","11":"tag-carreras","12":"tag-deportes","13":"tag-es","14":"tag-escalada","15":"tag-espana","16":"tag-esqui","17":"tag-federacion","18":"tag-formacion","19":"tag-huesca","20":"tag-montana","21":"tag-montanismo","22":"tag-senderismo","23":"tag-spain","24":"tag-sports","25":"tag-teruel","26":"tag-zaragoza"},"share_on_mastodon":{"url":"","error":""},"_links":{"self":[{"href":"https:\/\/www.europesays.com\/es\/wp-json\/wp\/v2\/posts\/132656","targetHints":{"allow":["GET"]}}],"collection":[{"href":"https:\/\/www.europesays.com\/es\/wp-json\/wp\/v2\/posts"}],"about":[{"href":"https:\/\/www.europesays.com\/es\/wp-json\/wp\/v2\/types\/post"}],"author":[{"embeddable":true,"href":"https:\/\/www.europesays.com\/es\/wp-json\/wp\/v2\/users\/2"}],"replies":[{"embeddable":true,"href":"https:\/\/www.europesays.com\/es\/wp-json\/wp\/v2\/comments?post=132656"}],"version-history":[{"count":0,"href":"https:\/\/www.europesays.com\/es\/wp-json\/wp\/v2\/posts\/132656\/revisions"}],"wp:featuredmedia":[{"embeddable":true,"href":"https:\/\/www.europesays.com\/es\/wp-json\/wp\/v2\/media\/132657"}],"wp:attachment":[{"href":"https:\/\/www.europesays.com\/es\/wp-json\/wp\/v2\/media?parent=132656"}],"wp:term":[{"taxonomy":"category","embeddable":true,"href":"https:\/\/www.europesays.com\/es\/wp-json\/wp\/v2\/categories?post=132656"},{"taxonomy":"post_tag","embeddable":true,"href":"https:\/\/www.europesays.com\/es\/wp-json\/wp\/v2\/tags?post=132656"}],"curies":[{"name":"wp","href":"https:\/\/api.w.org\/{rel}","templated":true}]}}