{"id":132658,"date":"2025-09-22T22:08:16","date_gmt":"2025-09-22T22:08:16","guid":{"rendered":"https:\/\/www.europesays.com\/es\/132658\/"},"modified":"2025-09-22T22:08:16","modified_gmt":"2025-09-22T22:08:16","slug":"vacuna-contra-la-gripe-campana-de-vacunacion-contra-la-gripe-en-andalucia-2025-calendario-completo-y-grupos-de-riesgo-por-fechas","status":"publish","type":"post","link":"https:\/\/www.europesays.com\/es\/132658\/","title":{"rendered":"VACUNA CONTRA LA GRIPE | Campa\u00f1a de vacunaci\u00f3n contra la gripe en Andaluc\u00eda 2025: calendario completo y grupos de riesgo por fechas"},"content":{"rendered":"<p class=\"ft-text\">Con la entrada del <a class=\"ft-link ft-link--decoration\" href=\"https:\/\/www.elcorreoweb.es\/tags\/otono\/\" target=\"_blank\" rel=\"nofollow noopener\">oto\u00f1o<\/a>, comienza la \u00e9poca en la que proliferan las enfermedades respiratorias. Por ello, el pr\u00f3ximo martes, 30 de septiembre, comienza en Andaluc\u00eda la <a class=\"ft-link ft-link--decoration\" href=\"https:\/\/www.elcorreoweb.es\/salud\/2025\/09\/04\/cobertura-vacuna-gripe-duplica-covid-121223466.html\" target=\"_blank\" rel=\"nofollow noopener\">campa\u00f1a de vacunaci\u00f3n contra la gripe<\/a>, que arancar\u00e1 en los menores de 6 a 59 meses, las embarazadas y los docentes de menores de 5 a\u00f1os con el objetivo de <strong>proteger a la poblaci\u00f3n m\u00e1s vulnerable<\/strong> y a los colectivos en contacto directo con ellos.<\/p>\n<p class=\"ft-text\">As\u00ed lo ha adelantado este lunes la<strong> consejera de Salud y Consumo<\/strong>, <a class=\"ft-link ft-link--decoration\" href=\"https:\/\/www.elcorreoweb.es\/tags\/maria-del-rocio-hernandez-soto\/\" target=\"_blank\" rel=\"nofollow noopener\">Roc\u00edo Hern\u00e1ndez<\/a>, en una atenci\u00f3n a medios en Sevilla con motivo de la inauguraci\u00f3n de ampliaci\u00f3n del centro de salud Virgen de \u00c1frica. Hern\u00e1ndez ha aclarado que<strong> \u00abel calendario para la vacuna de la gripe se ir\u00e1 abriendo progresivamente para el resto de la poblaci\u00f3n diana\u00bb<\/strong>. De esta forma,<strong> a partir del 6 de octubre<\/strong>, la campa\u00f1a se extender\u00e1 a <strong>residencias de mayores y centros de discapacidad<\/strong>, as\u00ed como a profesionales sanitarios y sociosanitarios.<\/p>\n<p class=\"ft-text\">El <strong>14 de octubre<\/strong>, la vacunaci\u00f3n estar\u00e1 disponible para las <strong>personas de 80 a\u00f1os o m\u00e1s y los grandes dependientes<\/strong> en sus domicilios. Desde el <strong>20 de octubre<\/strong>, se incluir\u00e1 a las <strong>personas de 70 a\u00f1os o m\u00e1s<\/strong> y a las de 5 a\u00f1os o m\u00e1s con patolog\u00edas cr\u00f3nicas. El <strong>27 de octubre<\/strong> se sumar\u00e1n las<strong> personas de 60 a\u00f1os o m\u00e1s<\/strong>, profesionales esenciales como cuerpos y fuerzas de seguridad del estado, bomberos y protecci\u00f3n civil, profesionales con exposici\u00f3n directa a animales e instituciones penitenciarias.<\/p>\n<p>Novedades<\/p>\n<p class=\"ft-text\">\u00abEl objetivo general es <strong>prevenir complicaciones graves en los grupos de mayor riesgo<\/strong>\u00ab, ha dicho la consejera. Igualmente, ha explicado algunas de las <strong>novedades <\/strong>que tendr\u00e1 esta campa\u00f1a de vacunaci\u00f3n frente a la gripe y la Covid. As\u00ed, por cuarto a\u00f1o consecutivo, <strong>se vacunar\u00e1 a los menores de 5 a\u00f1os<\/strong>, \u00abuna medida que ha demostrado ser muy eficaz al <strong>reducir un 70% los ingresos hospitalarios<\/strong> por gripe grave en este grupo\u00bb, ha asegurado.<\/p>\n<p class=\"ft-text\">Adem\u00e1s, por segunda vez, <strong>la vacuna intranasal se administrar\u00e1 en colegios a ni\u00f1os de 3 y 4 a\u00f1os<\/strong>, una iniciativa que el a\u00f1o pasado logr\u00f3 vacunar al 65% de este grupo en el entorno escolar.<\/p>\n<p class=\"ft-text\">Otra novedad importante es que este a\u00f1o, los convivientes de menores de 5 a\u00f1os, mayores de 60, embarazadas y personas con patolog\u00edas cr\u00f3nicas podr\u00e1n vacunarse junto a ellos, reforzando la protecci\u00f3n familiar. En cuanto a la vacunaci\u00f3n contra la Covid, la estrategia nacional ha elevado la recomendaci\u00f3n a 70 a\u00f1os o m\u00e1s, ya que la mayor parte de los ingresos se concentran en este grupo. Las personas con patolog\u00edas de riesgo por debajo de esa edad tambi\u00e9n podr\u00e1n vacunarse.<\/p>\n<p>Vacuna contra la bronquiolitis <\/p>\n<p class=\"ft-text\">La consejera de Salud tambi\u00e9n ha destacado el <a class=\"ft-link ft-link--decoration\" href=\"https:\/\/www.elcorreoweb.es\/salud\/2025\/09\/22\/campana-vacunacion-frente-bronquiolitis-andalucia-fecha-121744235.html\" target=\"_blank\" rel=\"nofollow noopener\">arranque de la tercera campa\u00f1a de inmunizaci\u00f3n de menores de seis meses para prevenir la bronquiolitis<\/a> por el VRS, que ha comenzado este lunes. As\u00ed, desde la semana pasada se est\u00e1 contactando con los padres de los menores nacidos desde el 1 de abril de este a\u00f1o hasta la actualidad para facilitarles la cita para vacunar a sus hijos.<\/p>\n<p class=\"ft-text\">Tambi\u00e9n se inmunizar\u00e1 a todos los<strong> lactantes que vayan naciendo desde el 22 de septiembre hasta el 31 de marzo de 202<\/strong>6, en el paritorio o en la planta de maternidad antes de irse de alta.<\/p>\n<p class=\"ft-text\">Con esta inmunizaci\u00f3n se previene de forma eficaz y segura la infecci\u00f3n por este virus, una afecci\u00f3n respiratoria que se produce, sobre todo, durante el oto\u00f1o y el invierno. En este sentido, Salud ha recomendado a todos los padres con ni\u00f1os menores de seis meses que acepten la invitaci\u00f3n para la inmunizaci\u00f3n frente al VRS.<\/p>\n","protected":false},"excerpt":{"rendered":"Con la entrada del oto\u00f1o, comienza la \u00e9poca en la que proliferan las enfermedades respiratorias. Por ello, el&hellip;\n","protected":false},"author":2,"featured_media":132659,"comment_status":"","ping_status":"","sticky":false,"template":"","format":"standard","meta":{"footnotes":""},"categories":[92],"tags":[45,259,40845,658,42333,25,24,4400,7749,24334,165,1288,166,23,42334,31027,7589],"class_list":{"0":"post-132658","1":"post","2":"type-post","3":"status-publish","4":"format-standard","5":"has-post-thumbnail","7":"category-salud","8":"tag-45","9":"tag-andalucia","10":"tag-bronquiolitis","11":"tag-campana","12":"tag-consejeria-de-salud-y-consumo","13":"tag-es","14":"tag-espana","15":"tag-fechas","16":"tag-gripe","17":"tag-grupos","18":"tag-health","19":"tag-riesgo","20":"tag-salud","21":"tag-spain","22":"tag-vacuna-covid","23":"tag-vacuna-de-la-gripe","24":"tag-vacunacion"},"share_on_mastodon":{"url":"","error":""},"_links":{"self":[{"href":"https:\/\/www.europesays.com\/es\/wp-json\/wp\/v2\/posts\/132658","targetHints":{"allow":["GET"]}}],"collection":[{"href":"https:\/\/www.europesays.com\/es\/wp-json\/wp\/v2\/posts"}],"about":[{"href":"https:\/\/www.europesays.com\/es\/wp-json\/wp\/v2\/types\/post"}],"author":[{"embeddable":true,"href":"https:\/\/www.europesays.com\/es\/wp-json\/wp\/v2\/users\/2"}],"replies":[{"embeddable":true,"href":"https:\/\/www.europesays.com\/es\/wp-json\/wp\/v2\/comments?post=132658"}],"version-history":[{"count":0,"href":"https:\/\/www.europesays.com\/es\/wp-json\/wp\/v2\/posts\/132658\/revisions"}],"wp:featuredmedia":[{"embeddable":true,"href":"https:\/\/www.europesays.com\/es\/wp-json\/wp\/v2\/media\/132659"}],"wp:attachment":[{"href":"https:\/\/www.europesays.com\/es\/wp-json\/wp\/v2\/media?parent=132658"}],"wp:term":[{"taxonomy":"category","embeddable":true,"href":"https:\/\/www.europesays.com\/es\/wp-json\/wp\/v2\/categories?post=132658"},{"taxonomy":"post_tag","embeddable":true,"href":"https:\/\/www.europesays.com\/es\/wp-json\/wp\/v2\/tags?post=132658"}],"curies":[{"name":"wp","href":"https:\/\/api.w.org\/{rel}","templated":true}]}}