{"id":132660,"date":"2025-09-22T22:09:11","date_gmt":"2025-09-22T22:09:11","guid":{"rendered":"https:\/\/www.europesays.com\/es\/132660\/"},"modified":"2025-09-22T22:09:11","modified_gmt":"2025-09-22T22:09:11","slug":"my-chemical-romance-anuncian-fecha-unica-en-madrid","status":"publish","type":"post","link":"https:\/\/www.europesays.com\/es\/132660\/","title":{"rendered":"My Chemical Romance anuncian fecha \u00fanica en Madrid"},"content":{"rendered":"<p><b><a href=\"https:\/\/www.rockzonemag.com\/tag\/my-chemical-romance\/\" rel=\"nofollow noopener\" target=\"_blank\">My Chemical Romance<\/a> han anunciado una fecha \u00fanica en Espa\u00f1a dentro de su gira \u2018<\/b><strong>Long Live: The Black Parade Tour\u2019 en la que celebran el 20 aniversario de su ic\u00f3nico tercer disco.<\/strong><\/p>\n<p><a href=\"https:\/\/www.ticketmaster.es\/artist\/linkin-park-entradas\/10021?int_cmp_name=LINKIN-PARK&amp;int_cmp_id=ES-Home-501&amp;int_cmp_creative=Home-main-4.0&amp;tm_link=tm_ccp_Home_main_LINKIN-PARK\" target=\"_blank\" rel=\"nofollow noopener\"><img decoding=\"async\" src=\"https:\/\/www.europesays.com\/es\/wp-content\/uploads\/2025\/07\/Banner-Linkin-Park-2-Rock-Zone-1060x200-1.png\"\/><\/a><\/p>\n<p>Despu\u00e9s del gran \u00e9xito de su gira por estadios en Estados Unidos, la banda de New Jersey ha anunciado nuevas fechas en el continente europeo y su pa\u00eds.<\/p>\n<p>La fecha en Madrid ser\u00e1 el 18 de julio de 2026 en el recinto Iberdrola Music. De momento no se ha confirmado qu\u00e9 artista les acompa\u00f1ar\u00e1 en esta cita.<\/p>\n<p><strong>Las entradas se pondr\u00e1n a la venta este viernes 26 de septiembre a las 12h en <a href=\"https:\/\/www.livenation.es\/event\/my-chemical-romance-the-black-parade-2026-madrid-tickets-edp1620962\" rel=\"nofollow noopener\" target=\"_blank\">Livenation.es<\/a>, Ticketmaster y El Corte Ingl\u00e9s.\u00a0<\/strong>Las entradas estar\u00e1n disponibles a partir de 85\u20ac (+ gastos de distribuci\u00f3n)<\/p>\n","protected":false},"excerpt":{"rendered":"My Chemical Romance han anunciado una fecha \u00fanica en Espa\u00f1a dentro de su gira \u2018Long Live: The Black&hellip;\n","protected":false},"author":2,"featured_media":132661,"comment_status":"","ping_status":"","sticky":false,"template":"","format":"standard","meta":{"footnotes":""},"categories":[91],"tags":[42335,146,147,25,24,42336,33041,10,1273,23],"class_list":{"0":"post-132660","1":"post","2":"type-post","3":"status-publish","4":"format-standard","5":"has-post-thumbnail","7":"category-entretenimiento","8":"tag-emo","9":"tag-entertainment","10":"tag-entretenimiento","11":"tag-es","12":"tag-espana","13":"tag-live-nation","14":"tag-my-chemical-romance","15":"tag-noticias","16":"tag-rock","17":"tag-spain"},"share_on_mastodon":{"url":"","error":""},"_links":{"self":[{"href":"https:\/\/www.europesays.com\/es\/wp-json\/wp\/v2\/posts\/132660","targetHints":{"allow":["GET"]}}],"collection":[{"href":"https:\/\/www.europesays.com\/es\/wp-json\/wp\/v2\/posts"}],"about":[{"href":"https:\/\/www.europesays.com\/es\/wp-json\/wp\/v2\/types\/post"}],"author":[{"embeddable":true,"href":"https:\/\/www.europesays.com\/es\/wp-json\/wp\/v2\/users\/2"}],"replies":[{"embeddable":true,"href":"https:\/\/www.europesays.com\/es\/wp-json\/wp\/v2\/comments?post=132660"}],"version-history":[{"count":0,"href":"https:\/\/www.europesays.com\/es\/wp-json\/wp\/v2\/posts\/132660\/revisions"}],"wp:featuredmedia":[{"embeddable":true,"href":"https:\/\/www.europesays.com\/es\/wp-json\/wp\/v2\/media\/132661"}],"wp:attachment":[{"href":"https:\/\/www.europesays.com\/es\/wp-json\/wp\/v2\/media?parent=132660"}],"wp:term":[{"taxonomy":"category","embeddable":true,"href":"https:\/\/www.europesays.com\/es\/wp-json\/wp\/v2\/categories?post=132660"},{"taxonomy":"post_tag","embeddable":true,"href":"https:\/\/www.europesays.com\/es\/wp-json\/wp\/v2\/tags?post=132660"}],"curies":[{"name":"wp","href":"https:\/\/api.w.org\/{rel}","templated":true}]}}