{"id":132668,"date":"2025-09-22T22:13:09","date_gmt":"2025-09-22T22:13:09","guid":{"rendered":"https:\/\/www.europesays.com\/es\/132668\/"},"modified":"2025-09-22T22:13:09","modified_gmt":"2025-09-22T22:13:09","slug":"la-confer-reclama-el-fin-de-la-hambruna-y-la-entrada-de-ayuda-humanitaria-en-gaza","status":"publish","type":"post","link":"https:\/\/www.europesays.com\/es\/132668\/","title":{"rendered":"La CONFER reclama el fin de la hambruna y la entrada de ayuda humanitaria en Gaza"},"content":{"rendered":"<p>Ante el genocidio  que se vive en la Franja de Gaza, los consagrados y consagradas de Espa\u00f1a elevamos nuestra voz para exigir el cese inmediato de acciones que provoquen hambre, destrucci\u00f3n y muerte de civiles inocentes, y demandar el acceso sin restricciones de la ayuda humanitaria. \u201cNo puedo ver morir al ni\u00f1o\u201d (Gn 21,15). Ese grito antiguo, pronunciado por <strong>Agar <\/strong>en el desierto, resuena hoy con fuerza entre muchas madres y padres del mundo. <\/p>\n<p>Las informaciones y testimonios que llegan desde Gaza describen escenas de hambruna, colapso sanitario, desplazamiento masivo y v\u00edctimas entre beb\u00e9s, ni\u00f1os y ni\u00f1as, mujeres embarazadas, ancianos y personas vulnerables. Ante esa realidad, el deber moral y humanitario es claro: <strong>proteger la vida, garantizar la asistencia urgente y respetar el Derecho Internacional Humanitario.<\/strong><\/p>\n<p>Denunciamos la imposici\u00f3n de restricciones que impiden la llegada de alimentos, medicinas y combustible, y condenamos los ataques indiscriminados que han causado destrucci\u00f3n, muertes y mutilaciones entre la poblaci\u00f3n civil. Pedimos a las autoridades competentes que act\u00faen con determinaci\u00f3n para abrir corredores humanitarios seguros y garantizar la protecci\u00f3n de periodistas, personal sanitario, cooperantes y poblaci\u00f3n civil.<\/p>\n<p>Cuidar al m\u00e1s d\u00e9bil y defender la vida<\/p>\n<p>No se trata de tomar postura partidista, sino de recordar la obligaci\u00f3n b\u00e1sica de toda comunidad humana: <strong>cuidar al m\u00e1s d\u00e9bil y defender la vida.<\/strong> Por eso apoyamos y nos sumamos a los comunicados y llamamientos de distintas instituciones religiosas, organizaciones humanitarias y organismos internacionales que exigen el respeto del Derecho Internacional y la entrada de ayuda a toda la poblaci\u00f3n de Gaza.<\/p>\n<p>Exigimos, adem\u00e1s:<\/p>\n<ul class=\"wp-block-list\">\n<li>Que se permita de inmediato la entrada de toda la ayuda humanitaria necesaria para evitar muertes por inanici\u00f3n y colapso sanitario.<\/li>\n<li>El cese de bombardeos sobre zonas civiles y la protecci\u00f3n de instalaciones sanitarias, religiosas y de refugiados.<\/li>\n<li>El respeto y la plena aplicaci\u00f3n del Derecho Internacional Humanitario y de los derechos humanos.<\/li>\n<li>Que la comunidad internacional redoble sus esfuerzos diplom\u00e1ticos y humanitarios para poner fin al sufrimiento y avanzar hacia soluciones justas y duraderas.<\/li>\n<\/ul>\n<p>Como recoge la Escritura \u2014\u201c\u00bfQu\u00e9 te pasa, Agar? No temas, porque Dios ha o\u00eddo la voz del chico\u2026\u201d (Gn 21,17-18)\u2014 hacemos un llamamiento a la compasi\u00f3n y a la acci\u00f3n: <strong>que nuestras manos se conviertan en auxilio efectivo y no en indiferencia.<\/strong><\/p>\n","protected":false},"excerpt":{"rendered":"Ante el genocidio que se vive en la Franja de Gaza, los consagrados y consagradas de Espa\u00f1a elevamos&hellip;\n","protected":false},"author":2,"featured_media":132669,"comment_status":"","ping_status":"","sticky":false,"template":"","format":"standard","meta":{"footnotes":""},"categories":[8],"tags":[3229,17,18,42337,25,24,13,14,79,78,11,19,20,9,10,15,16,23,12,21,22,37560],"class_list":{"0":"post-132668","1":"post","2":"type-post","3":"status-publish","4":"format-standard","5":"has-post-thumbnail","7":"category-espana","8":"tag-ayuda","9":"tag-breaking-news","10":"tag-breakingnews","11":"tag-derechoshumanos","12":"tag-es","13":"tag-espana","14":"tag-featured-news","15":"tag-featurednews","16":"tag-genocidio","17":"tag-hambre","18":"tag-headlines","19":"tag-latest-news","20":"tag-latestnews","21":"tag-news","22":"tag-noticias","23":"tag-noticias-destacadas","24":"tag-noticiasdestacadas","25":"tag-spain","26":"tag-titulares","27":"tag-ultimas-noticias","28":"tag-ultimasnoticias","29":"tag-vida-consagrada"},"share_on_mastodon":{"url":"","error":""},"_links":{"self":[{"href":"https:\/\/www.europesays.com\/es\/wp-json\/wp\/v2\/posts\/132668","targetHints":{"allow":["GET"]}}],"collection":[{"href":"https:\/\/www.europesays.com\/es\/wp-json\/wp\/v2\/posts"}],"about":[{"href":"https:\/\/www.europesays.com\/es\/wp-json\/wp\/v2\/types\/post"}],"author":[{"embeddable":true,"href":"https:\/\/www.europesays.com\/es\/wp-json\/wp\/v2\/users\/2"}],"replies":[{"embeddable":true,"href":"https:\/\/www.europesays.com\/es\/wp-json\/wp\/v2\/comments?post=132668"}],"version-history":[{"count":0,"href":"https:\/\/www.europesays.com\/es\/wp-json\/wp\/v2\/posts\/132668\/revisions"}],"wp:featuredmedia":[{"embeddable":true,"href":"https:\/\/www.europesays.com\/es\/wp-json\/wp\/v2\/media\/132669"}],"wp:attachment":[{"href":"https:\/\/www.europesays.com\/es\/wp-json\/wp\/v2\/media?parent=132668"}],"wp:term":[{"taxonomy":"category","embeddable":true,"href":"https:\/\/www.europesays.com\/es\/wp-json\/wp\/v2\/categories?post=132668"},{"taxonomy":"post_tag","embeddable":true,"href":"https:\/\/www.europesays.com\/es\/wp-json\/wp\/v2\/tags?post=132668"}],"curies":[{"name":"wp","href":"https:\/\/api.w.org\/{rel}","templated":true}]}}