{"id":132670,"date":"2025-09-22T22:14:11","date_gmt":"2025-09-22T22:14:11","guid":{"rendered":"https:\/\/www.europesays.com\/es\/132670\/"},"modified":"2025-09-22T22:14:11","modified_gmt":"2025-09-22T22:14:11","slug":"herido-grave-el-maquinista-de-un-tren-de-mercancias-tras-descarrilar-en-zaragoza","status":"publish","type":"post","link":"https:\/\/www.europesays.com\/es\/132670\/","title":{"rendered":"Herido grave el maquinista de un tren de mercanc\u00edas tras descarrilar en Zaragoza"},"content":{"rendered":"<p>            Herido grave el maquinista de un tren de mercanc\u00edas tras descarrilar en Zaragoza                <\/p>\n<p>Herido grave el maquinista de un tren de mercanc\u00edas tras descarrilar en Zaragoza<\/p>\n<p class=\"epigraph\">El accidente ha ocurrido a la altura de Puerto Venecia y la v\u00eda por la que circulaba ha quedado cortada.<\/p>\n<p class=\"paragraph\">El maquinista de un tren de mercanc\u00edas<b> result\u00f3 este lunes herido grave como consecuencia del descarrilamiento que sufri\u00f3 el convoy que conduc\u00eda a su paso por Zaragoza.<\/b> El siniestro se produjo pasadas las 18.00 cuando la locomotora y varios vagones se salieron de la v\u00eda e incluso<b> uno de los contenedores que transportaba lleg\u00f3 a deslizarse varios metros ladera abajo.<\/b> Como consecuencia del accidente, fue necesario cortar la v\u00eda convencional estableci\u00e9ndose itinerarios alternativos. El percance no afect\u00f3, no obstante, ni a la circulaci\u00f3n del <a href=\"https:\/\/www.heraldo.es\/tags\/instituciones_empresas\/ave.html\" title=\"AVE\" rel=\"nofollow noopener\" target=\"_blank\">AVE<\/a> ni al resto de tr\u00e1fico de pasajeros que se desarrollan con normalidad.<\/p>\n<p>            Conforme a los criterios de<br \/>\n            <a class=\"trustproject_img\" id=\"trustproject_img\" href=\"https:\/\/thetrustproject.org\/\" target=\"_blank\" rel=\"nofollow noopener\" aria-label=\"Trust Project\"><img decoding=\"async\" loading=\"lazy\" src=\"https:\/\/www.heraldo.es\/images\/Trust-Logo-Horizontal.svg\" alt=\"Logo Trust Project\" width=\"200\" height=\"34\"\/><\/a><\/p>\n<p>        <a href=\"https:\/\/www.henneo.com\/\" title=\"Grupo Henneo\" class=\"logo\" rel=\"nofollow noopener\" target=\"_blank\"><br \/>\n            <img decoding=\"async\" src=\"https:\/\/www.heraldo.es\/images\/logo_henneo_gris.svg\" alt=\"Logo Henneo\" width=\"559\" height=\"389\" loading=\"lazy\"\/><br \/>\n        <\/a><\/p>\n<p>\u00a9 HERALDO DE ARAGON EDITORA, S.L.U.<br \/>Tel\u00e9fono 976 765 000 \/ &#8211; P\u00ba. Independencia, 29, 50001 Zaragoza &#8211; CIF: B99288763 &#8211; Inscrita en el Registro Mercantil de Zaragoza al Tomo 3796, Libro 0, Folio 177, Secci\u00f3n 8, Hoja Z-50564<br \/>Queda prohibida toda reproducci\u00f3n sin permiso escrito de la empresa a los efectos del art\u00edculo 32.1, p\u00e1rrafo segundo, de la Ley de Propiedad Intelectual<\/p>\n<p>\n                P\u00ba Independencia, 29, 50001 Zaragoza<br \/> Tel\u00e9fono 976 765 000\n            <\/p>\n<p>                    Actualmente tu navegador no permite ejecutar JavaScript. Para poder disfrutar de nuestro contenido es necesario que lo permita.<br \/>\n                                        <img decoding=\"async\" loading=\"lazy\" alt=\"Heraldo logo\" src=\"https:\/\/dkumiip2e9ary.cloudfront.net\/xalok\/heraldo\/especiales\/hola-de-nuevo\/logo-heraldo.svg\" width=\"215\" height=\"43\"\/><\/p>\n","protected":false},"excerpt":{"rendered":"Herido grave el maquinista de un tren de mercanc\u00edas tras descarrilar en Zaragoza Herido grave el maquinista de&hellip;\n","protected":false},"author":2,"featured_media":132671,"comment_status":"","ping_status":"","sticky":false,"template":"","format":"standard","meta":{"footnotes":""},"categories":[5],"tags":[17,18,15405,25,24,13,14,11,19,20,42338,9,10,15,16,4032,23,12,21,22,9490,491],"class_list":{"0":"post-132670","1":"post","2":"type-post","3":"status-publish","4":"format-standard","5":"has-post-thumbnail","7":"category-titulares","8":"tag-breaking-news","9":"tag-breakingnews","10":"tag-descarrila","11":"tag-es","12":"tag-espana","13":"tag-featured-news","14":"tag-featurednews","15":"tag-headlines","16":"tag-latest-news","17":"tag-latestnews","18":"tag-mercancias","19":"tag-news","20":"tag-noticias","21":"tag-noticias-destacadas","22":"tag-noticiasdestacadas","23":"tag-puerto","24":"tag-spain","25":"tag-titulares","26":"tag-ultimas-noticias","27":"tag-ultimasnoticias","28":"tag-venecia","29":"tag-zaragoza"},"share_on_mastodon":{"url":"","error":""},"_links":{"self":[{"href":"https:\/\/www.europesays.com\/es\/wp-json\/wp\/v2\/posts\/132670","targetHints":{"allow":["GET"]}}],"collection":[{"href":"https:\/\/www.europesays.com\/es\/wp-json\/wp\/v2\/posts"}],"about":[{"href":"https:\/\/www.europesays.com\/es\/wp-json\/wp\/v2\/types\/post"}],"author":[{"embeddable":true,"href":"https:\/\/www.europesays.com\/es\/wp-json\/wp\/v2\/users\/2"}],"replies":[{"embeddable":true,"href":"https:\/\/www.europesays.com\/es\/wp-json\/wp\/v2\/comments?post=132670"}],"version-history":[{"count":0,"href":"https:\/\/www.europesays.com\/es\/wp-json\/wp\/v2\/posts\/132670\/revisions"}],"wp:featuredmedia":[{"embeddable":true,"href":"https:\/\/www.europesays.com\/es\/wp-json\/wp\/v2\/media\/132671"}],"wp:attachment":[{"href":"https:\/\/www.europesays.com\/es\/wp-json\/wp\/v2\/media?parent=132670"}],"wp:term":[{"taxonomy":"category","embeddable":true,"href":"https:\/\/www.europesays.com\/es\/wp-json\/wp\/v2\/categories?post=132670"},{"taxonomy":"post_tag","embeddable":true,"href":"https:\/\/www.europesays.com\/es\/wp-json\/wp\/v2\/tags?post=132670"}],"curies":[{"name":"wp","href":"https:\/\/api.w.org\/{rel}","templated":true}]}}