{"id":132674,"date":"2025-09-22T22:16:06","date_gmt":"2025-09-22T22:16:06","guid":{"rendered":"https:\/\/www.europesays.com\/es\/132674\/"},"modified":"2025-09-22T22:16:06","modified_gmt":"2025-09-22T22:16:06","slug":"julio-norte-herido-muy-grave-con-una-cornada-en-la-espalda-en-san-agustin","status":"publish","type":"post","link":"https:\/\/www.europesays.com\/es\/132674\/","title":{"rendered":"Julio Norte, herido muy grave con una cornada en la espalda en San Agust\u00edn"},"content":{"rendered":"<p><img fetchpriority=\"high\" class=\"v-a-img\" src=\"https:\/\/www.europesays.com\/es\/wp-content\/uploads\/2025\/09\/J-kO0D-U201113412815nYE-1200x840@Gaceta Salamanca.jpg\" loading=\"eager\" decoding=\"async\" alt=\"Julio Norte.\"  width=\"1200\" height=\"840\"\/><\/p>\n<p>Julio Norte.          ALMEIDA        <\/p>\n<p>El percance lleg\u00f3 en un quite por tafalleras, cuando el novillo lo encun\u00f3 por la espalda<\/p>\n<p class=\"v-mdl-ath__p v-mdl-ath__p--6\">\nLunes, 22 de septiembre 2025, 21:05<\/p>\n<p>| Actualizado 23:14h.<\/p>\n<p class=\"v-p\">Julio Norte ha pagado con dureza impecable y triunfal temporada, que llevaba la primera como novillero con picadores <strong>tras su debut la pasada primavera en Garl\u00edn<\/strong> (Francia). Lanzando y con triunfo contendentes a diario, este lunes actu\u00f3 en la final de triunfadores de laferia de Moncalvillo de San Agust\u00edn de Guadalix (Madrid), donde cay\u00f3 herido grave por su primer novillo cuando hac\u00eda un quite por tafalleras, cuando el novillo lo encun\u00f3 por la espalda sin que le diese tiempo a corregir la posici\u00f3n. <\/p>\n<p class=\"v-p\">Ah\u00ed, en uno de los embroques el astado de la ganader\u00eda de Victoriano del R\u00edo se le venci\u00f3,<strong> le prendi\u00f3 de manera violenta haci\u00e9ndole presa y propin\u00e1ndole una cornada en la parte inferior de la espalda<\/strong>, entre el c\u00f3xis y el ano. Adem\u00e1s la ca\u00edda fue muy fea y violenta, de la que qued\u00f3 inm\u00f3vil y sin conocimiento en el suelo. En un primer momento tambi\u00e9n perdi\u00f3 la audici\u00f3n debido a un fuerte golpe en la cabeza. Trasladado al quir\u00f3fano m\u00f3vil del coso, all\u00ed ya recuper\u00f3 la consciencia el joven novillero salmantino. Tras unas primeras curas de urgencia y la estabilizaci\u00f3n del diestro, Julio Norte fue trasladado al Hospital Infanta Sof\u00eda de San Sebasti\u00e1n de los Reyes (Madrid), donde fue intervenido quir\u00fargicamente hasta \u00faltima hora de la noche. <strong>En el festejo se produjo el triunfo de Julio M\u00e9ndez, que fue quien se qued\u00f3 con la novillada entera<\/strong>. Destac\u00f3, sobre todo, con el cuarto de la tarde, un novillo de extraordinarias cualidades al que le cort\u00f3 el rabo y que fue premiado con la vuelta al ruedo en el arrastre. Con media entrada en los tendidos, se lidiaron novillos de Victoriano del R\u00edo, el cuarto, n\u00famero 187, casta\u00f1o, fue premiado con la vuelta al ruedo. Julio M\u00e9ndez, oreja, ovaci\u00f3n en el que mat\u00f3 por Julio Norte, silencio y dos orejas y rabo; y Julio Norte, herido.<\/p>\n<p>Comenta<\/p>\n<p>Reporta un error<\/p>\n","protected":false},"excerpt":{"rendered":"Julio Norte. ALMEIDA El percance lleg\u00f3 en un quite por tafalleras, cuando el novillo lo encun\u00f3 por la&hellip;\n","protected":false},"author":2,"featured_media":132675,"comment_status":"","ping_status":"","sticky":false,"template":"","format":"standard","meta":{"footnotes":""},"categories":[277],"tags":[30423,373,9932,168,25,14977,24,12050,53,888,3449,2228,23,167,374],"class_list":{"0":"post-132674","1":"post","2":"type-post","3":"status-publish","4":"format-standard","5":"has-post-thumbnail","7":"category-toreo","8":"tag-agustin","9":"tag-bullfighting","10":"tag-cornada","11":"tag-deportes","12":"tag-es","13":"tag-espalda","14":"tag-espana","15":"tag-grave","16":"tag-herido","17":"tag-julio","18":"tag-norte","19":"tag-san","20":"tag-spain","21":"tag-sports","22":"tag-toreo"},"share_on_mastodon":{"url":"","error":""},"_links":{"self":[{"href":"https:\/\/www.europesays.com\/es\/wp-json\/wp\/v2\/posts\/132674","targetHints":{"allow":["GET"]}}],"collection":[{"href":"https:\/\/www.europesays.com\/es\/wp-json\/wp\/v2\/posts"}],"about":[{"href":"https:\/\/www.europesays.com\/es\/wp-json\/wp\/v2\/types\/post"}],"author":[{"embeddable":true,"href":"https:\/\/www.europesays.com\/es\/wp-json\/wp\/v2\/users\/2"}],"replies":[{"embeddable":true,"href":"https:\/\/www.europesays.com\/es\/wp-json\/wp\/v2\/comments?post=132674"}],"version-history":[{"count":0,"href":"https:\/\/www.europesays.com\/es\/wp-json\/wp\/v2\/posts\/132674\/revisions"}],"wp:featuredmedia":[{"embeddable":true,"href":"https:\/\/www.europesays.com\/es\/wp-json\/wp\/v2\/media\/132675"}],"wp:attachment":[{"href":"https:\/\/www.europesays.com\/es\/wp-json\/wp\/v2\/media?parent=132674"}],"wp:term":[{"taxonomy":"category","embeddable":true,"href":"https:\/\/www.europesays.com\/es\/wp-json\/wp\/v2\/categories?post=132674"},{"taxonomy":"post_tag","embeddable":true,"href":"https:\/\/www.europesays.com\/es\/wp-json\/wp\/v2\/tags?post=132674"}],"curies":[{"name":"wp","href":"https:\/\/api.w.org\/{rel}","templated":true}]}}