{"id":132684,"date":"2025-09-22T22:22:09","date_gmt":"2025-09-22T22:22:09","guid":{"rendered":"https:\/\/www.europesays.com\/es\/132684\/"},"modified":"2025-09-22T22:22:09","modified_gmt":"2025-09-22T22:22:09","slug":"vanvleet-podria-perderse-toda-la-temporada","status":"publish","type":"post","link":"https:\/\/www.europesays.com\/es\/132684\/","title":{"rendered":"VanVleet podr\u00eda perderse toda la temporada"},"content":{"rendered":"<p data-mrf-recirculation=\"Links P\u00e1rrafos\" class=\"ue-c-article__paragraph paragraph\"><strong>Fred VanVleet ha sufrido una rotura del ligamento cruzado anterior de la rodilla derecha<\/strong><strong>y podr\u00eda perderse toda la temporada 25-26<\/strong>. Se trata de un <strong>golpe dur\u00edsimo para los Rockets<\/strong>, uno de los equipos llamados a competir por las primeras plazas de la Conferencia Oeste. Los de Houston se quedan sin su base titular, un referente en los dos lados de la cancha y el l\u00edder del vestuario.<\/p>\n<p data-mrf-recirculation=\"Links P\u00e1rrafos\" class=\"ue-c-article__paragraph paragraph\"><strong>La lesi\u00f3n se produjo durante una breve concentraci\u00f3n que los Rockets estaban realizando en Bahamas<\/strong>. Antes de que comience la pretemporada y a petici\u00f3n de los jugadores, algunos equipos hacen esta especie de convivencias con la intenci\u00f3n de que la plantilla se vaya conociendo, se estrechen lazos y mejore el ambiente, algo que luego se puede traducir sobre la pista. Para la franquicia de Houston, en esta ocasi\u00f3n, <strong>ha sido devastador<\/strong>.<\/p>\n<p><img decoding=\"async\" width=\"960\" height=\"640\" class=\"ue-c-article__image lazyload\" alt=\"El entrenador Ime Udoka da instrucciones a Fred VanVleet.\" loading=\"lazy\" src=\"https:\/\/www.europesays.com\/es\/wp-content\/uploads\/2025\/09\/685507d44d0cd.jpeg\"\/><\/p>\n<p>El entrenador Ime Udoka da instrucciones a Fred VanVleet..<\/p>\n<p data-mrf-recirculation=\"Links P\u00e1rrafos\" class=\"ue-c-article__paragraph paragraph\"><strong>Los Rockets eran hasta ahora serios aspirantes a los puestos de privilegio en el Oeste<\/strong>. VanVleet, de 31 a\u00f1os y 1,83 metros, hab\u00eda aceptado en junio una extensi\u00f3n de contrato por 50 millones de d\u00f3lares y dos temporadas. <strong>\u00c9l formaba la columna vertebral junto a Alperen Sengun, Amen Thompson y Jabari Smith Jr<\/strong>. Y a ellos se hab\u00eda sumado <strong>Kevin Durant<\/strong>, llegado en el mayor traspaso en la historia de la NBA (siete franquicias y 20 jugadores involucrados) y como <strong>uno de los movimientos m\u00e1s importantes del verano<\/strong>.<\/p>\n<p>Protagonista de la mejor\u00eda de los Rockets<\/p>\n<p data-mrf-recirculation=\"Links P\u00e1rrafos\" class=\"ue-c-article__paragraph paragraph\">El base, <strong>campe\u00f3n con Raptors en 2019<\/strong>, fue la principal raz\u00f3n por la que los Rockets pasaron de ser un equipo hundido a un contendiente en el Oeste. En su primera temporada en Houston, el equipo sum\u00f3 41 victorias por las 22 del a\u00f1o anterior. <strong>La campa\u00f1a pasada llegaron a los 52 triunfos, siendo el segundo mejor equipo de la Conferencia s\u00f3lo por detr\u00e1s de los Thunder<\/strong>. En primera ronda, sin embargo, cayeron ante los Warriors.<\/p>\n<p data-mrf-recirculation=\"Links P\u00e1rrafos\" class=\"ue-c-article__paragraph paragraph\">VanVleet acumula <strong>nueve temporadas en la NBA<\/strong>, siete de ellas en Toronto y las dos \u00faltimas en Houston. <strong>En los 550 partidos que ha disputado tiene promedios de 14,9 puntos y 5,7 asistencias<\/strong>. El curso pasado baj\u00f3 ligeramente sus guarismos con <strong>14,1 y 5,6, respectivamente<\/strong>, en los 60 encuentros en los que particip\u00f3.<\/p>\n","protected":false},"excerpt":{"rendered":"Fred VanVleet ha sufrido una rotura del ligamento cruzado anterior de la rodilla derechay podr\u00eda perderse toda la&hellip;\n","protected":false},"author":2,"featured_media":132685,"comment_status":"","ping_status":"","sticky":false,"template":"","format":"standard","meta":{"footnotes":""},"categories":[269],"tags":[299,298,168,25,24,23,167],"class_list":{"0":"post-132684","1":"post","2":"type-post","3":"status-publish","4":"format-standard","5":"has-post-thumbnail","7":"category-baloncesto","8":"tag-baloncesto","9":"tag-basketball","10":"tag-deportes","11":"tag-es","12":"tag-espana","13":"tag-spain","14":"tag-sports"},"share_on_mastodon":{"url":"","error":""},"_links":{"self":[{"href":"https:\/\/www.europesays.com\/es\/wp-json\/wp\/v2\/posts\/132684","targetHints":{"allow":["GET"]}}],"collection":[{"href":"https:\/\/www.europesays.com\/es\/wp-json\/wp\/v2\/posts"}],"about":[{"href":"https:\/\/www.europesays.com\/es\/wp-json\/wp\/v2\/types\/post"}],"author":[{"embeddable":true,"href":"https:\/\/www.europesays.com\/es\/wp-json\/wp\/v2\/users\/2"}],"replies":[{"embeddable":true,"href":"https:\/\/www.europesays.com\/es\/wp-json\/wp\/v2\/comments?post=132684"}],"version-history":[{"count":0,"href":"https:\/\/www.europesays.com\/es\/wp-json\/wp\/v2\/posts\/132684\/revisions"}],"wp:featuredmedia":[{"embeddable":true,"href":"https:\/\/www.europesays.com\/es\/wp-json\/wp\/v2\/media\/132685"}],"wp:attachment":[{"href":"https:\/\/www.europesays.com\/es\/wp-json\/wp\/v2\/media?parent=132684"}],"wp:term":[{"taxonomy":"category","embeddable":true,"href":"https:\/\/www.europesays.com\/es\/wp-json\/wp\/v2\/categories?post=132684"},{"taxonomy":"post_tag","embeddable":true,"href":"https:\/\/www.europesays.com\/es\/wp-json\/wp\/v2\/tags?post=132684"}],"curies":[{"name":"wp","href":"https:\/\/api.w.org\/{rel}","templated":true}]}}