{"id":13269,"date":"2025-07-30T05:47:09","date_gmt":"2025-07-30T05:47:09","guid":{"rendered":"https:\/\/www.europesays.com\/es\/13269\/"},"modified":"2025-07-30T05:47:09","modified_gmt":"2025-07-30T05:47:09","slug":"en-el-deporte-no-es-habitual-decir-tengo-estres-o-no-estoy-bien-mentalmente","status":"publish","type":"post","link":"https:\/\/www.europesays.com\/es\/13269\/","title":{"rendered":"En el deporte no es habitual decir &#8216;tengo estr\u00e9s&#8217; o &#8216;no estoy bien mentalmente&#8217;"},"content":{"rendered":"<p>            Jorge Maicas, golfista aragon\u00e9s: \u00abEn el deporte no es habitual decir &#8216;tengo estr\u00e9s&#8217; o &#8216;no estoy bien mentalmente'\u00bb                <\/p>\n<p>Jorge Maicas, golfista aragon\u00e9s: \u00abEn el deporte no es habitual decir &#8216;tengo estr\u00e9s&#8217; o &#8216;no estoy bien mentalmente'\u00bb<\/p>\n<p class=\"epigraph\">El zaragozano, primer aragon\u00e9s en ganar un torneo profesional, repasa su trayectoria y cuenta los problemas que atraves\u00f3 a principios de a\u00f1o.<\/p>\n<p>            Conforme a los criterios de<br \/>\n            <a class=\"trustproject_img\" id=\"trustproject_img\" href=\"https:\/\/thetrustproject.org\/\" target=\"_blank\" rel=\"nofollow noopener\" aria-label=\"Trust Project\"><img decoding=\"async\" loading=\"lazy\" src=\"https:\/\/www.heraldo.es\/images\/Trust-Logo-Horizontal.svg\" alt=\"Logo Trust Project\" width=\"200\" height=\"34\"\/><\/a><\/p>\n<p>                <img decoding=\"async\" loading=\"lazy\" src=\"https:\/\/www.europesays.com\/es\/wp-content\/uploads\/2025\/07\/javier-l-velasco.jpeg\" class=\"author-image\" width=\"120\" height=\"120\" alt=\"Javier L. Velasco\"\/><\/p>\n<p>        <a href=\"https:\/\/www.henneo.com\/\" title=\"Grupo Henneo\" class=\"logo\" rel=\"nofollow noopener\" target=\"_blank\"><br \/>\n            <img decoding=\"async\" src=\"https:\/\/www.heraldo.es\/images\/logo_henneo_gris.svg\" alt=\"Logo Henneo\" width=\"559\" height=\"389\" loading=\"lazy\"\/><br \/>\n        <\/a><\/p>\n<p>\u00a9 HERALDO DE ARAGON EDITORA, S.L.U.<br \/>Tel\u00e9fono 976 765 000 \/ &#8211; P\u00ba. Independencia, 29, 50001 Zaragoza &#8211; CIF: B99288763 &#8211; Inscrita en el Registro Mercantil de Zaragoza al Tomo 3796, Libro 0, Folio 177, Secci\u00f3n 8, Hoja Z-50564<br \/>Queda prohibida toda reproducci\u00f3n sin permiso escrito de la empresa a los efectos del art\u00edculo 32.1, p\u00e1rrafo segundo, de la Ley de Propiedad Intelectual<\/p>\n<p>\n                P\u00ba Independencia, 29, 50001 Zaragoza<br \/> Tel\u00e9fono 976 765 000\n            <\/p>\n<p>                    Actualmente tu navegador no permite ejecutar JavaScript. Para poder disfrutar de nuestro contenido es necesario que lo permita.<br \/>\n                                        <img decoding=\"async\" loading=\"lazy\" alt=\"Heraldo logo\" src=\"https:\/\/dkumiip2e9ary.cloudfront.net\/xalok\/heraldo\/especiales\/hola-de-nuevo\/logo-heraldo.svg\" width=\"215\" height=\"43\"\/><\/p>\n","protected":false},"excerpt":{"rendered":"Jorge Maicas, golfista aragon\u00e9s: \u00abEn el deporte no es habitual decir &#8216;tengo estr\u00e9s&#8217; o &#8216;no estoy bien mentalmente&#8217;\u00bb&hellip;\n","protected":false},"author":2,"featured_media":13270,"comment_status":"","ping_status":"","sticky":false,"template":"","format":"standard","meta":{"footnotes":""},"categories":[275],"tags":[9069,634,168,25,24,329,5832,9068,9067,23,167],"class_list":{"0":"post-13269","1":"post","2":"type-post","3":"status-publish","4":"format-standard","5":"has-post-thumbnail","7":"category-golf","8":"tag-aragones","9":"tag-deporte","10":"tag-deportes","11":"tag-es","12":"tag-espana","13":"tag-golf","14":"tag-golfista","15":"tag-habitual","16":"tag-mentalmente","17":"tag-spain","18":"tag-sports"},"share_on_mastodon":{"url":"","error":""},"_links":{"self":[{"href":"https:\/\/www.europesays.com\/es\/wp-json\/wp\/v2\/posts\/13269","targetHints":{"allow":["GET"]}}],"collection":[{"href":"https:\/\/www.europesays.com\/es\/wp-json\/wp\/v2\/posts"}],"about":[{"href":"https:\/\/www.europesays.com\/es\/wp-json\/wp\/v2\/types\/post"}],"author":[{"embeddable":true,"href":"https:\/\/www.europesays.com\/es\/wp-json\/wp\/v2\/users\/2"}],"replies":[{"embeddable":true,"href":"https:\/\/www.europesays.com\/es\/wp-json\/wp\/v2\/comments?post=13269"}],"version-history":[{"count":0,"href":"https:\/\/www.europesays.com\/es\/wp-json\/wp\/v2\/posts\/13269\/revisions"}],"wp:featuredmedia":[{"embeddable":true,"href":"https:\/\/www.europesays.com\/es\/wp-json\/wp\/v2\/media\/13270"}],"wp:attachment":[{"href":"https:\/\/www.europesays.com\/es\/wp-json\/wp\/v2\/media?parent=13269"}],"wp:term":[{"taxonomy":"category","embeddable":true,"href":"https:\/\/www.europesays.com\/es\/wp-json\/wp\/v2\/categories?post=13269"},{"taxonomy":"post_tag","embeddable":true,"href":"https:\/\/www.europesays.com\/es\/wp-json\/wp\/v2\/tags?post=13269"}],"curies":[{"name":"wp","href":"https:\/\/api.w.org\/{rel}","templated":true}]}}