{"id":132693,"date":"2025-09-22T22:27:07","date_gmt":"2025-09-22T22:27:07","guid":{"rendered":"https:\/\/www.europesays.com\/es\/132693\/"},"modified":"2025-09-22T22:27:07","modified_gmt":"2025-09-22T22:27:07","slug":"disney-recula-y-anuncia-que-el-programa-de-jimmy-kimmel-volvera-a-emitirse-en-estados-unidos","status":"publish","type":"post","link":"https:\/\/www.europesays.com\/es\/132693\/","title":{"rendered":"Disney recula y anuncia que el programa de Jimmy Kimmel volver\u00e1 a emitirse en Estados Unidos"},"content":{"rendered":"<p class=\"L6-news-detail__text\"><b>&#8216;Jimmy Kimmel Live&#8217; vuelve a la tele<\/b>. Disney ha anunciado que el programa regresa este martes, apenas <b><a title=\"seis d\u00edas despu\u00e9s de haberlo cancelado\" href=\"https:\/\/www.lasexta.com\/noticias\/internacional\/abc-suspende-indefinidamente-programa-jimmy-kimmel-monologo-charlie-kirk_2025091868cb9edc394a81387389c25a.html\" target=\"_blank\" rel=\"nofollow noopener\">seis d\u00edas despu\u00e9s de haberlo cancelado<\/a><\/b> tras los comentarios del presentador <b><a title=\"sobre el asesinato del activista conservador Charlie Kirk\" href=\"https:\/\/www.lasexta.com\/noticias\/internacional\/trump-vuelve-culpar-izquierda-radical-asesinato-charlie-kirk-multitudinario-funeral-arizona_2025092268d0d8cb5f87ee0831f48cca.html\" target=\"_blank\" rel=\"nofollow noopener\">sobre el asesinato del activista conservador Charlie Kirk<\/a><\/b>.<\/p>\n<p class=\"L6-news-detail__text\">En su comunicado, Disney ha explicado que la pausa se hizo <b>\u00abpara no avivar una situaci\u00f3n ya tensa en un momento de mucha emoci\u00f3n para el pa\u00eds\u00bb<\/b> y ha reconocido que algunos comentarios de Jimmy Kimmel pudieron percibirse como insensibles. \u00abTras conversaciones profundas con Jimmy, hemos decidido que el programa vuelva el martes\u00bb, han a\u00f1adido.<\/p>\n<p class=\"L6-news-detail__text\">El conflicto comenz\u00f3 el lunes pasado, cuando Jimmy Kimmel coment\u00f3 <b>en su mon\u00f3logo<\/b> que el presunto asesino de Kirk, <b><a title=\"Tyler Robinson\" href=\"https:\/\/www.lasexta.com\/noticias\/internacional\/aficionado-armas-introvertido-familia-conservadora-asi-tyler-robinson-presunto-asesino-charlie-kirk_2025091368c566e1ca99f73feef34e6c.html\" target=\"_blank\" rel=\"nofollow noopener\">Tyler Robinson<\/a><\/b>, podr\u00eda estar vinculado al movimiento MAGA y critic\u00f3 que algunos pol\u00edticos intentaban sacar r\u00e9dito pol\u00edtico del crimen.<\/p>\n<p class=\"L6-news-detail__text\">La reacci\u00f3n no se hizo esperar: Nexstar Media, que opera 200 canales locales de &#8216;ABC&#8217; y cubre al 70\u202f% de la poblaci\u00f3n estadounidense, suspendi\u00f3 la emisi\u00f3n del show en sus cadenas, y poco despu\u00e9s &#8216;<b>ABC&#8217; suspendi\u00f3 \u00abindefinidamente\u00bb el programa.<\/b><\/p>\n<p class=\"L6-news-detail__text\">La suspensi\u00f3n desat\u00f3 <b><a title=\"una oleada de cr\u00edticas\" href=\"https:\/\/www.lasexta.com\/noticias\/internacional\/ola-solidaridad-jimmy-kimmel-cancelacion-programa-fascismo-esta-aqui_2025091968cd13321b05386b62a4ce9a.html\" target=\"_blank\" rel=\"nofollow noopener\">una oleada de cr\u00edticas<\/a><\/b>. Pol\u00edticos, artistas y asociaciones de derechos civiles consideraron la medida excesiva, compar\u00e1ndola con <b><a title=\"las &#039;cazas de brujas&#039; de la era McCarthy\" href=\"https:\/\/www.lasexta.com\/programas\/lasexta-clave\/mccarthy-donald-trump-caza-brujas-cuando-historia-parece-repetirse_2025091968cdad06394a813873906374.html\" target=\"_blank\" rel=\"nofollow noopener\">las &#8216;cazas de brujas&#8217; de la era McCarthy<\/a><\/b>. Incluso el expresidente <b>Barack Obama opin\u00f3<\/b> que la situaci\u00f3n marcaba \u00abun nuevo y peligroso nivel de presi\u00f3n sobre los medios de comunicaci\u00f3n\u00bb.<\/p>\n<p class=\"L6-news-detail__text\">Durante la semana, colegas de Jimmy Kimmel como <b>Jon Stewart, Stephen Colbert, Seth Meyers y Jimmy Fallon salieron en su defensa<\/b>, y m\u00e1s de 400 artistas junto a la ACLU firmaron una carta apoyando al presentador. Sin embargo, la Administraci\u00f3n Trump, a trav\u00e9s de Brendan Carr, presidente de la FCC, presion\u00f3 a los medios para que <b>tomaran medidas contra Kimmel<\/b>, contribuyendo a la suspensi\u00f3n temporal.<\/p>\n<p class=\"L6-news-detail__text\">Donald Trump, que ya hab\u00eda mostrado inter\u00e9s en que Jimmy Kimmel dejara el programa, <b>celebr\u00f3 la suspensi\u00f3n en su red social Truth<\/b>: \u00abBuenas noticias: han cancelado el programa de Jimmy Kimmel, que ten\u00eda problemas de audiencia\u00bb, escribi\u00f3, apuntando tambi\u00e9n a Jimmy Fallon y Seth Meyers como pr\u00f3ximos objetivos.<\/p>\n<p class=\"L6-support-news-video__title\">Juicio al novio de Ayuso<\/p>\n<p>            <a href=\"https:\/\/www.lasexta.com\/noticias\/nacional\/acusaciones-complot-juicio-penal-asi-sido-caida-gonzalez-amador_2025092268d19ebd31b8a3479b7551e2.html\" class=\"L6-news__link\" rel=\"nofollow noopener\" target=\"_blank\"><br \/>\n                De las acusaciones de \u00abcomplot\u00bb al juicio penal: as\u00ed ha sido la ca\u00edda de Gonz\u00e1lez Amador<\/p>\n<p class=\"recirculation-video-desc\">El contexto Este lunes la jueza ha abierto juicio oral al novio de Ayuso, Gonz\u00e1lez Amador. Lo acusa de hasta seis delitos: dos contra la Hacienda P\u00fablica, dos de falsedad documental, otro delito continuado contable y un sexto de pertenencia a grupo criminal.<\/p>\n<p>            <\/a><\/p>\n","protected":false},"excerpt":{"rendered":"&#8216;Jimmy Kimmel Live&#8217; vuelve a la tele. Disney ha anunciado que el programa regresa este martes, apenas seis&hellip;\n","protected":false},"author":2,"featured_media":132694,"comment_status":"","ping_status":"","sticky":false,"template":"","format":"standard","meta":{"footnotes":""},"categories":[171],"tags":[146,147,25,24,23,214],"class_list":{"0":"post-132693","1":"post","2":"type-post","3":"status-publish","4":"format-standard","5":"has-post-thumbnail","7":"category-tv","8":"tag-entertainment","9":"tag-entretenimiento","10":"tag-es","11":"tag-espana","12":"tag-spain","13":"tag-tv"},"share_on_mastodon":{"url":"","error":""},"_links":{"self":[{"href":"https:\/\/www.europesays.com\/es\/wp-json\/wp\/v2\/posts\/132693","targetHints":{"allow":["GET"]}}],"collection":[{"href":"https:\/\/www.europesays.com\/es\/wp-json\/wp\/v2\/posts"}],"about":[{"href":"https:\/\/www.europesays.com\/es\/wp-json\/wp\/v2\/types\/post"}],"author":[{"embeddable":true,"href":"https:\/\/www.europesays.com\/es\/wp-json\/wp\/v2\/users\/2"}],"replies":[{"embeddable":true,"href":"https:\/\/www.europesays.com\/es\/wp-json\/wp\/v2\/comments?post=132693"}],"version-history":[{"count":0,"href":"https:\/\/www.europesays.com\/es\/wp-json\/wp\/v2\/posts\/132693\/revisions"}],"wp:featuredmedia":[{"embeddable":true,"href":"https:\/\/www.europesays.com\/es\/wp-json\/wp\/v2\/media\/132694"}],"wp:attachment":[{"href":"https:\/\/www.europesays.com\/es\/wp-json\/wp\/v2\/media?parent=132693"}],"wp:term":[{"taxonomy":"category","embeddable":true,"href":"https:\/\/www.europesays.com\/es\/wp-json\/wp\/v2\/categories?post=132693"},{"taxonomy":"post_tag","embeddable":true,"href":"https:\/\/www.europesays.com\/es\/wp-json\/wp\/v2\/tags?post=132693"}],"curies":[{"name":"wp","href":"https:\/\/api.w.org\/{rel}","templated":true}]}}