{"id":132699,"date":"2025-09-22T22:30:10","date_gmt":"2025-09-22T22:30:10","guid":{"rendered":"https:\/\/www.europesays.com\/es\/132699\/"},"modified":"2025-09-22T22:30:10","modified_gmt":"2025-09-22T22:30:10","slug":"aitana-bonmati-la-lider-excepcional-que-ya-cuenta-tres-balones-de-oro-futbol-deportes","status":"publish","type":"post","link":"https:\/\/www.europesays.com\/es\/132699\/","title":{"rendered":"Aitana Bonmat\u00ed, la l\u00edder excepcional que ya cuenta tres Balones de Oro | F\u00fatbol | Deportes"},"content":{"rendered":"<p class=\"\">Aitana Bonmat\u00ed logr\u00f3 lo que ninguna otra futbolista hab\u00eda logrado: el tercer Bal\u00f3n de Oro consecutivo. <a href=\"https:\/\/elpais.com\/sociedad\/2025-07-16\/el-desafio-de-la-mejor-jugadora-del-mundo.html\" target=\"_blank\" rel=\"nofollow noopener\" title=\"https:\/\/elpais.com\/sociedad\/2025-07-16\/el-desafio-de-la-mejor-jugadora-del-mundo.html\">La jugadora del Barcelona alarga su estela de \u00e9xito <\/a>en un alarde de su regularidad como mejor futbolista del mundo. En 2023 recogi\u00f3 el legado de Alexia Putellas, lo continu\u00f3 el a\u00f1o pasado y este lo ha superado por todo lo alto en la edici\u00f3n m\u00e1s impredecible del trofeo femenino estos \u00faltimos a\u00f1os. Recibi\u00f3 el Bal\u00f3n de manos de un \u00eddolo para ella, de un jugador espejo y para algunos su hom\u00f3nimo en el f\u00fatbol masculino: Andr\u00e9s Iniesta. <\/p>\n<p class=\"\">En su discurso volvi\u00f3 a acordarse de su pueblo, Sant Pere de Ribes \u2014Ribes para ella\u2014, volvi\u00f3 a hablar en catal\u00e1n, castellano e ingl\u00e9s y volvi\u00f3 a reivindicar el f\u00fatbol femenino. Lugares comunes para una futbolista conocida mundialmente. Y pareci\u00f3 para ella incluso com\u00fan volver a lograr un hito hist\u00f3rico que remarca y confirma su dominio en el f\u00fatbol. Pero tambi\u00e9n el de Espa\u00f1a y el Barcelona: este es el quinto Bal\u00f3n de Oro consecutivo espa\u00f1ol, y azulgrana. Y eso que este a\u00f1o no ha sido el m\u00e1s laureado para ella.<\/p>\n<p class=\"\"><a href=\"https:\/\/elpais.com\/deportes\/futbol\/2025-08-30\/un-barcelona-intratable-se-estrena-con-una-goleada-coral-ante-el-alhama.html\" target=\"_blank\" rel=\"nofollow noopener\" title=\"https:\/\/elpais.com\/deportes\/futbol\/2025-08-30\/un-barcelona-intratable-se-estrena-con-una-goleada-coral-ante-el-alhama.html\">En Espa\u00f1a, el Barcelona de Aitana logr\u00f3 con facilidad la Liga F<\/a>, la Copa de la Reina y la Supercopa de Espa\u00f1a. Y aunque eran las vigentes favoritas y campeonas, la Champions se les escap\u00f3 de manera agridulce en la final de Lisboa. Anim\u00f3 al equipo, arranc\u00f3 con el alma como pudo, pero no pudo vencer al Arsenal en un partido tras el cual el equipo solo ped\u00eda disculpas y m\u00e1s disculpas ante la prensa en zona mixta. A pesar de no levantar el trofeo, logr\u00f3 el premio a la mejor jugadora de la Champions League, ya que en Stamford Bridge marc\u00f3 uno de los goles de la competici\u00f3n. <\/p>\n<p class=\"\">En la Eurocopa le sucedi\u00f3 algo similar. <a href=\"https:\/\/elpais.com\/videos\/2025-07-24\/aitana-bonmati-habiamos-estudiado-a-la-portera-sabiamos-que-en-estas-situaciones-deja-libre-el-primer-palo.html\" target=\"_self\" rel=\"nofollow noopener\" title=\"https:\/\/elpais.com\/videos\/2025-07-24\/aitana-bonmati-habiamos-estudiado-a-la-portera-sabiamos-que-en-estas-situaciones-deja-libre-el-primer-palo.html\">Aterriz\u00f3 en Suiza como favorita al t\u00edtulo<\/a>, y nada pudo hacer ante una Inglaterra que finalmente se llev\u00f3 el oro en los penaltis. De hecho, Aitana estuvo hospitalizada d\u00edas antes del inicio del torneo continental por una meningitis v\u00edrica. <a href=\"https:\/\/elpais.com\/deportes\/eurocopa-futbol-femenino\/2025-07-22\/la-recuperacion-expres-de-aitana-bonmati-del-temor-a-perderse-parte-de-la-euro-por-una-meningitis-virica-a-volver-a-estar-al-100.html\" target=\"_self\" rel=\"nofollow noopener\" title=\"https:\/\/elpais.com\/deportes\/eurocopa-futbol-femenino\/2025-07-22\/la-recuperacion-expres-de-aitana-bonmati-del-temor-a-perderse-parte-de-la-euro-por-una-meningitis-virica-a-volver-a-estar-al-100.html\">Se recuper\u00f3 de manera expr\u00e9s tras estar unos cinco d\u00edas en cama y volvi\u00f3 para marcar diferencias.<\/a> Tantas que logr\u00f3 tambi\u00e9n el MVP de la Eurocopa, aunque en la final volvi\u00f3 a repetirse el destino de la Champions. Contra las inglesas, nada pudieron hacer, y llegaron a penaltis. Aitana fall\u00f3 el suyo. No fue la \u00fanica. Y Espa\u00f1a se qued\u00f3 con la medalla de plata. <a href=\"https:\/\/elpais.com\/deportes\/eurocopa-futbol-femenino\/2025-07-28\/el-orgullo-de-paredes-el-dolor-de-aitana-y-por-que-no-hay-que-pedir-perdon-por-perder-la-eurocopa.html\" target=\"_self\" rel=\"nofollow noopener\" title=\"https:\/\/elpais.com\/deportes\/eurocopa-futbol-femenino\/2025-07-28\/el-orgullo-de-paredes-el-dolor-de-aitana-y-por-que-no-hay-que-pedir-perdon-por-perder-la-eurocopa.html\">De nuevo se llen\u00f3 la boca de disculpas<\/a>, incapaz de asimilar c\u00f3mo hab\u00eda acabo ese chut tan lejos de la red. <\/p>\n<p class=\"\">Pero en Par\u00eds, en el Theatre du Chatelet, salt\u00f3 la sorpresa ante las inglesas, y ni siquiera ella misma lo esperaba.<\/p>\n<p class=\"\">Su cara fue un poema. Y sus confesiones al t\u00e9rmino de la gala \u2014\u201cno me hab\u00eda preparado tan bien el discurso esta vez\u201d, confes\u00f3\u2014, confirmaron que las quinielas que situaban como ganadora bien a su hom\u00f3nima de la selecci\u00f3n inglesa, la l\u00edder Alessia Russo, bien a su excompa\u00f1era en el Bar\u00e7a, la mallorquina<a href=\"https:\/\/elpais.com\/deportes\/futbol\/2025-05-24\/el-mayor-triunfo-de-la-formidable-mariona-caldentey.html\" target=\"_self\" rel=\"nofollow noopener\" title=\"https:\/\/elpais.com\/deportes\/futbol\/2025-05-24\/el-mayor-triunfo-de-la-formidable-mariona-caldentey.html\"> Mariona Caldentey, ahora en el Arsenal y finalmente segunda finalista<\/a>, no andaban lejos del sentir de las propias futbolistas. <\/p>\n<p class=\"\">Meritorio fue el segundo puesto de la mallorquina Caldentey, quien reci\u00e9n llegada a Londres el curso pasado, se convirti\u00f3 en pieza esencial del Arsenal. Elegida mejor futbolista del a\u00f1o tanto por la Women\u2019s Super League como por la Asociaci\u00f3n de Futbolistas Profesionales, Caldentey firm\u00f3 19 goles en 41 partidos durante la temporada pasada. Y, sobre todo, condujo al Arsenal a la final de la Champions. El destino la llev\u00f3 a Lisboa, frente a su exequipo, el Bar\u00e7a, vigente campe\u00f3n. Y gan\u00f3. Gan\u00f3 al club con el que hab\u00eda levantado tres Champions, a sus excompa\u00f1eras, y devolvi\u00f3 al Arsenal la corona europea 18 a\u00f1os despu\u00e9s. Pero no pudo llevarse un bal\u00f3n que tiene due\u00f1a. <\/p>\n<p class=\"\">Hoy, aquella ni\u00f1a que se sinti\u00f3 apartada por jugar en un equipo de chicos ahora es la mejor futbolista del mundo. <a href=\"https:\/\/elpais.com\/deportes\/futbol\/2024-04-19\/aitana-bonmati-no-podemos-comparar-inglaterra-y-espana-aqui-ni-quieren-y-ni-creen.html\" target=\"_self\" rel=\"nofollow noopener\" title=\"https:\/\/elpais.com\/deportes\/futbol\/2024-04-19\/aitana-bonmati-no-podemos-comparar-inglaterra-y-espana-aqui-ni-quieren-y-ni-creen.html\">Aquella ni\u00f1a que ni se imaginaba que una mujer pudiese levantar un Bal\u00f3n de Oro<\/a>. Aquella ni\u00f1a de Ribes se lleva el tercero a su casa, con su gente, con sus amigos. Donde es feliz y encuentra la paz fuera del f\u00fatbol.<\/p>\n","protected":false},"excerpt":{"rendered":"Aitana Bonmat\u00ed logr\u00f3 lo que ninguna otra futbolista hab\u00eda logrado: el tercer Bal\u00f3n de Oro consecutivo. La jugadora&hellip;\n","protected":false},"author":2,"featured_media":132700,"comment_status":"","ping_status":"","sticky":false,"template":"","format":"standard","meta":{"footnotes":""},"categories":[93],"tags":[6748,6623,1540,168,1539,25,24,5039,282,1809,1538,23,167],"class_list":{"0":"post-132699","1":"post","2":"type-post","3":"status-publish","4":"format-standard","5":"has-post-thumbnail","7":"category-deportes","8":"tag-aitana-bonmati","9":"tag-caldentey","10":"tag-competiciones","11":"tag-deportes","12":"tag-entrenadores","13":"tag-es","14":"tag-espana","15":"tag-fc-barcelona-femenino","16":"tag-futbol","17":"tag-futbol-femenino","18":"tag-futbolistas","19":"tag-spain","20":"tag-sports"},"share_on_mastodon":{"url":"","error":""},"_links":{"self":[{"href":"https:\/\/www.europesays.com\/es\/wp-json\/wp\/v2\/posts\/132699","targetHints":{"allow":["GET"]}}],"collection":[{"href":"https:\/\/www.europesays.com\/es\/wp-json\/wp\/v2\/posts"}],"about":[{"href":"https:\/\/www.europesays.com\/es\/wp-json\/wp\/v2\/types\/post"}],"author":[{"embeddable":true,"href":"https:\/\/www.europesays.com\/es\/wp-json\/wp\/v2\/users\/2"}],"replies":[{"embeddable":true,"href":"https:\/\/www.europesays.com\/es\/wp-json\/wp\/v2\/comments?post=132699"}],"version-history":[{"count":0,"href":"https:\/\/www.europesays.com\/es\/wp-json\/wp\/v2\/posts\/132699\/revisions"}],"wp:featuredmedia":[{"embeddable":true,"href":"https:\/\/www.europesays.com\/es\/wp-json\/wp\/v2\/media\/132700"}],"wp:attachment":[{"href":"https:\/\/www.europesays.com\/es\/wp-json\/wp\/v2\/media?parent=132699"}],"wp:term":[{"taxonomy":"category","embeddable":true,"href":"https:\/\/www.europesays.com\/es\/wp-json\/wp\/v2\/categories?post=132699"},{"taxonomy":"post_tag","embeddable":true,"href":"https:\/\/www.europesays.com\/es\/wp-json\/wp\/v2\/tags?post=132699"}],"curies":[{"name":"wp","href":"https:\/\/api.w.org\/{rel}","templated":true}]}}