{"id":132703,"date":"2025-09-22T22:32:09","date_gmt":"2025-09-22T22:32:09","guid":{"rendered":"https:\/\/www.europesays.com\/es\/132703\/"},"modified":"2025-09-22T22:32:09","modified_gmt":"2025-09-22T22:32:09","slug":"el-novillero-julio-norte-sufre-una-grave-cornada-en-san-agustin-de-guadalix","status":"publish","type":"post","link":"https:\/\/www.europesays.com\/es\/132703\/","title":{"rendered":"El novillero Julio Norte sufre una grave cornada en San Agust\u00edn de Guadalix"},"content":{"rendered":"<p class=\"mce\">El novillero salmantino <strong class=\"mce\">Julio Norte<\/strong> ha sufrido una grave cornada en la zona perianal durante el festejo que se celebra este lunes en <strong class=\"mce\">San Agust\u00edn de Guadalix<\/strong> y, tras una primera valoraci\u00f3n en el quir\u00f3fano m\u00f3vil, ha sido derivado al hospital Infanta Sof\u00eda de San Sebasti\u00e1n de los Reyes para ser intervenido.<\/p>\n<p class=\"mce\">Seg\u00fan han informado fuentes de su oficina de prensa, Norte, de 17 de a\u00f1os e hijo del matador de toros retirado del mismo nombre, ha sido cogido mientras trataba de instrumentar un quite por tafalleras al primer novillo de la tarde, de Victoriano del R\u00edo, el cual se le qued\u00f3 debajo, encun\u00e1ndole por la espalda e hiri\u00e9ndole certeramente.<\/p>\n<p class=\"mce\">El joven salmantino qued\u00f3 boca abajo y sin conocimiento sobre el albero, hasta que llegaron las cuadrillas y pudieron trasladarlo a toda prisa al quir\u00f3fano m\u00f3vil instalado en los aleda\u00f1os de la plaza.<\/p>\n<p class=\"mce\">All\u00ed le apreciaron una cornada en la zona perianal, de la que fue estabilizado, y tambi\u00e9n un <strong class=\"mce\">fuerte traumatismo craneoence\u00e1f\u00e1lico con p\u00e9rdida de audici\u00f3n<\/strong>, por lo que los doctores optaron por derivarlo al hospital para ser intervenido quir\u00fargicamente y decretar el verdadero alcance de la cornada, la profundidad de la misma y ver si tiene afectado el recto.<\/p>\n","protected":false},"excerpt":{"rendered":"El novillero salmantino Julio Norte ha sufrido una grave cornada en la zona perianal durante el festejo que&hellip;\n","protected":false},"author":2,"featured_media":132704,"comment_status":"","ping_status":"","sticky":false,"template":"","format":"standard","meta":{"footnotes":""},"categories":[91],"tags":[146,147,25,24,2659,7594,7596,7597,7595,7598,23],"class_list":{"0":"post-132703","1":"post","2":"type-post","3":"status-publish","4":"format-standard","5":"has-post-thumbnail","7":"category-entretenimiento","8":"tag-entertainment","9":"tag-entretenimiento","10":"tag-es","11":"tag-espana","12":"tag-noticias-de-madrid","13":"tag-noticias-de-madrid-de-hoy","14":"tag-noticias-de-madrid-en-directo","15":"tag-noticias-de-madrid-en-vivo","16":"tag-noticias-de-madrid-ultima-hora","17":"tag-noticias-madrid-en-vivo","18":"tag-spain"},"share_on_mastodon":{"url":"","error":""},"_links":{"self":[{"href":"https:\/\/www.europesays.com\/es\/wp-json\/wp\/v2\/posts\/132703","targetHints":{"allow":["GET"]}}],"collection":[{"href":"https:\/\/www.europesays.com\/es\/wp-json\/wp\/v2\/posts"}],"about":[{"href":"https:\/\/www.europesays.com\/es\/wp-json\/wp\/v2\/types\/post"}],"author":[{"embeddable":true,"href":"https:\/\/www.europesays.com\/es\/wp-json\/wp\/v2\/users\/2"}],"replies":[{"embeddable":true,"href":"https:\/\/www.europesays.com\/es\/wp-json\/wp\/v2\/comments?post=132703"}],"version-history":[{"count":0,"href":"https:\/\/www.europesays.com\/es\/wp-json\/wp\/v2\/posts\/132703\/revisions"}],"wp:featuredmedia":[{"embeddable":true,"href":"https:\/\/www.europesays.com\/es\/wp-json\/wp\/v2\/media\/132704"}],"wp:attachment":[{"href":"https:\/\/www.europesays.com\/es\/wp-json\/wp\/v2\/media?parent=132703"}],"wp:term":[{"taxonomy":"category","embeddable":true,"href":"https:\/\/www.europesays.com\/es\/wp-json\/wp\/v2\/categories?post=132703"},{"taxonomy":"post_tag","embeddable":true,"href":"https:\/\/www.europesays.com\/es\/wp-json\/wp\/v2\/tags?post=132703"}],"curies":[{"name":"wp","href":"https:\/\/api.w.org\/{rel}","templated":true}]}}