{"id":132711,"date":"2025-09-22T22:36:14","date_gmt":"2025-09-22T22:36:14","guid":{"rendered":"https:\/\/www.europesays.com\/es\/132711\/"},"modified":"2025-09-22T22:36:14","modified_gmt":"2025-09-22T22:36:14","slug":"tres-detenidos-por-la-punalada-mortalen-el-corazon-a-un-joven-en-solokoetxe","status":"publish","type":"post","link":"https:\/\/www.europesays.com\/es\/132711\/","title":{"rendered":"Tres detenidos por la pu\u00f1alada mortalen el coraz\u00f3n a un joven en Solokoetxe"},"content":{"rendered":"<p>La Ertzaintza detuvo a \u00faltima hora del lunes a tres sospechosos de haber participado en el crimen de Solokoetxe, entre ellos el autor material del  &#8230; homicidio, seg\u00fan ha podido saber este peri\u00f3dico. Dos de los arrestos, de un joven colombiano de 31 a\u00f1os y de otro de 28 (que se habr\u00eda entregado en comisar\u00eda), se produjeron en Bilbao y el tercero (21 a\u00f1os), en Getxo. Se les acusa de haber matado de una certera pu\u00f1alada en el coraz\u00f3n asestada con <a href=\"https:\/\/www.elcorreo.com\/bizkaia\/muerto-tras-pelea-machetazos-bilbao-20250921110909-nt_amp.html\" data-voc-vtm-id=\"in-text-traffic\" title=\"un cuchillo de cocina a Haitam G., de 21 a\u00f1os\" data-mrf-link=\"www.elcorreo.com\" rel=\"nofollow noopener\" target=\"_blank\">un cuchillo de cocina a Haitam G., de 21 a\u00f1os<\/a> y origen marroqu\u00ed. <\/p>\n<p class=\"v-p\">La Ertzaintza buscaba contra reloj a los presuntos agresores desde que huyeron de la escena del crimen, sobre las siete menos cuarto de la ma\u00f1ana del pasado domingo. Trabajaban con la hip\u00f3tesis de que el agresor pertenec\u00eda a un grupo de entre dos y tres individuos de origen sudamericano. <\/p>\n<p class=\"v-p\">El chico fallecido, con antecedentes por robos con violencia y un perfil muy desarraigado, cay\u00f3 desplomado y herido de muerte en la calle Fika, junto a unos contenedores, aunque la pelea se hab\u00eda iniciado tiempo antes, a unos 40 o 50 metros de distancia calle abajo. Seg\u00fan algunos testigos, la v\u00edctima, que iba con una mujer y alg\u00fan otro individuo, se enzarz\u00f3 con el grupo de los agresores en una refriega. Unos y otro intercambiaron alg\u00fan golpe y empuj\u00f3n y exhibieron al menos una botella rota y un cuchillo dom\u00e9stico, que luego resultar\u00eda ser el arma homicida. No fue una pelea al uso, sino que las agresiones se produjeron en movimiento, seg\u00fan los testigos. \u00abSubieron, bajaron y despu\u00e9s volvieron a subir\u00bb por el tramo de calle, explicaron a los ertzainas quienes presenciaron la escena. <\/p>\n<p class=\"v-p\">Por el momento se desconoce el origen de la reyerta, aunque fuentes cercanas al caso creen que pudo ser un encontronazo fortuito por cualquier motivo balad\u00ed despu\u00e9s de una larga noche de fiesta. Los investigadores no han encontrado a\u00fan en sus bases ning\u00fan incidente previo en el que se hayan visto implicados uno y otros. <\/p>\n<p class=\"v-p\">A falta de conocer el informe definitivo de autopsia, seg\u00fan los primeros indicios, el fallecido presentaba una \u00fanica herida de arma blanca a la altura del pecho. El filo le alcanz\u00f3 en un \u00f3rgano vital, el coraz\u00f3n. Adem\u00e1s, ten\u00eda un peque\u00f1o golpe en la boca compatible con un pu\u00f1etazo. El joven fue trasladado a\u00fan con un hilo de vida hasta el hospital de Cruces, donde falleci\u00f3 a causa de la agresi\u00f3n. <\/p>\n<p>Posible arma homicida<\/p>\n<p class=\"v-p\">Ante la escasez de unidades de Seguridad Ciudadana desplegadas esa noche en la ciudad, efectivos del PRI (patrullas de respuesta inmediata) fueron los primeros en llegar al lugar y hacerse cargo de la primera asistencia, despu\u00e9s de los sanitarios, cuando introduc\u00edan al herido en la ambulancia. Despu\u00e9s, se sumaron varias patrullas. En cuanto se comunic\u00f3 el fallecimiento del herido, se moviliz\u00f3 a los agentes del grupo de homicidios del Servicio de Investigaci\u00f3n Territorial de Bizkaia (SICTB) de la Ertzaintza, con sede en la comisar\u00eda de Erandio, que se desplazaron hasta Solokoetxe para coordinarse con los especialistas de la Polic\u00eda Cient\u00edfica y los patrulleros, que dominan la informaci\u00f3n local, y recoger el testimonio de posibles testigos en caliente, cuando los recuerdos est\u00e1n m\u00e1s frescos. Los investigadores tratan adem\u00e1s de localizar c\u00e1maras de seguridad instaladas en el recorrido que pudieran recoger la escena o la fuga del autor o autores del homicidio, entre otras posibles diligencias. <\/p>\n<p class=\"v-p\">Los primeros momentos de un suceso grave son claves en su resoluci\u00f3n, aunque tambi\u00e9n suelen resultar confusos y llenos de m\u00faltiples versiones, que deben ir confirm\u00e1ndose. Un testigo asegur\u00f3 que hab\u00eda visto c\u00f3mo alguno de los agresores arrojaba lo que cre\u00eda un arma blanca al contenedor del aceite. Los ertzainas vaciaron el dep\u00f3sito y tambi\u00e9n el adyacente amarillo, para pl\u00e1sticos, pero no localizaron el cuchillo presuntamente utilizado en la agresi\u00f3n. Una unidad de la Polic\u00eda Municipal de Bilbao encontr\u00f3 despu\u00e9s un arma compatible cerca del gaztetxe de Solokoetxe, en las proximidades de donde se produjo la pelea, y est\u00e1 siendo analizada en busca de posibles huellas por si pudiera tratarse del arma homicida. Tambi\u00e9n siguieron otra pista, que apuntaba a que los agresores pod\u00edan haberse refugiado en un portal de la calle Zumarraga, donde entraron en dos domicilios sin encontrar a los sospechosos. <\/p>\n<p class=\"v-p\">Durante las primeras horas se baraj\u00f3 una posible identidad, que luego qued\u00f3 descartada. El chico, de 19 a\u00f1os, muy conocido por la Polic\u00eda y que ten\u00eda un sorprendente parecido f\u00edsico con la v\u00edctima, fue localizado despu\u00e9s durmiendo en una lonja en la capital vizca\u00edna. Gracias a la necrorese\u00f1a, las huellas dactilares recogidas al cad\u00e1ver, se pudo saber que se trataba en realidad de otro joven, de 21 a\u00f1os y tambi\u00e9n fichado, de nombre Haitam G. <\/p>\n<p class=\"v-p\">Los tel\u00e9fonos m\u00f3viles de los miembros del grupo de homicidios del SICTB no paraban ayer de sonar. Los agentes trabajan a destajo, aunque intentando no dejarse influenciar por la presi\u00f3n ambiental, para identificar al autor de la pu\u00f1alada mortal y a sus acompa\u00f1antes. Su principal objetivo era encontrar pruebas que vinculen a los sospechosos con el crimen, sin dejarse llevar por las prisas. Necesitan certezas. Tambi\u00e9n han identificado a los amigos de la v\u00edctima. <\/p>\n<p class=\"v-p\">El alcalde de Bilbao, Juan Mari Aburto, que ha situado la seguridad en el centro de su discurso pol\u00edtico al considerarlo \u00abun gran reto\u00bb, afirm\u00f3 ayer que \u00abes muy importante que la Ertzaintza, que es quien lo est\u00e1 investigando, logre identificar a los culpables de este homicidio\u00bb para \u00abponerlos a disposici\u00f3n de la justicia y que no quede impune un acto de esta naturaleza, para que paguen, en definitiva, por lo que han hecho\u00bb.<\/p>\n<p class=\"v-p\">El mandatario local apel\u00f3 a la \u00abcolaboraci\u00f3n ciudadana\u00bb y se comprometi\u00f3 a seguir \u00abtrabajando, pase lo que pase y cueste lo que cueste, por mejorar la seguridad en Bilbao, desde el punto de vista preventivo y punitivo\u00bb. <\/p>\n","protected":false},"excerpt":{"rendered":"La Ertzaintza detuvo a \u00faltima hora del lunes a tres sospechosos de haber participado en el crimen de&hellip;\n","protected":false},"author":2,"featured_media":132712,"comment_status":"","ping_status":"","sticky":false,"template":"","format":"standard","meta":{"footnotes":""},"categories":[8],"tags":[17,18,3718,18476,6246,25,24,13,14,11,433,19,20,9,10,15,16,42350,23,12,21,22,12985],"class_list":{"0":"post-132711","1":"post","2":"type-post","3":"status-publish","4":"format-standard","5":"has-post-thumbnail","7":"category-espana","8":"tag-breaking-news","9":"tag-breakingnews","10":"tag-crimen","11":"tag-detiene","12":"tag-ertzaintza","13":"tag-es","14":"tag-espana","15":"tag-featured-news","16":"tag-featurednews","17":"tag-headlines","18":"tag-jovenes","19":"tag-latest-news","20":"tag-latestnews","21":"tag-news","22":"tag-noticias","23":"tag-noticias-destacadas","24":"tag-noticiasdestacadas","25":"tag-solokoetxe","26":"tag-spain","27":"tag-titulares","28":"tag-ultimas-noticias","29":"tag-ultimasnoticias","30":"tag-varios"},"share_on_mastodon":{"url":"","error":""},"_links":{"self":[{"href":"https:\/\/www.europesays.com\/es\/wp-json\/wp\/v2\/posts\/132711","targetHints":{"allow":["GET"]}}],"collection":[{"href":"https:\/\/www.europesays.com\/es\/wp-json\/wp\/v2\/posts"}],"about":[{"href":"https:\/\/www.europesays.com\/es\/wp-json\/wp\/v2\/types\/post"}],"author":[{"embeddable":true,"href":"https:\/\/www.europesays.com\/es\/wp-json\/wp\/v2\/users\/2"}],"replies":[{"embeddable":true,"href":"https:\/\/www.europesays.com\/es\/wp-json\/wp\/v2\/comments?post=132711"}],"version-history":[{"count":0,"href":"https:\/\/www.europesays.com\/es\/wp-json\/wp\/v2\/posts\/132711\/revisions"}],"wp:featuredmedia":[{"embeddable":true,"href":"https:\/\/www.europesays.com\/es\/wp-json\/wp\/v2\/media\/132712"}],"wp:attachment":[{"href":"https:\/\/www.europesays.com\/es\/wp-json\/wp\/v2\/media?parent=132711"}],"wp:term":[{"taxonomy":"category","embeddable":true,"href":"https:\/\/www.europesays.com\/es\/wp-json\/wp\/v2\/categories?post=132711"},{"taxonomy":"post_tag","embeddable":true,"href":"https:\/\/www.europesays.com\/es\/wp-json\/wp\/v2\/tags?post=132711"}],"curies":[{"name":"wp","href":"https:\/\/api.w.org\/{rel}","templated":true}]}}