{"id":132715,"date":"2025-09-22T22:38:10","date_gmt":"2025-09-22T22:38:10","guid":{"rendered":"https:\/\/www.europesays.com\/es\/132715\/"},"modified":"2025-09-22T22:38:10","modified_gmt":"2025-09-22T22:38:10","slug":"un-sanrafaelino-campeon-representando-a-la-argentina-en-asuncion-del-paraguay","status":"publish","type":"post","link":"https:\/\/www.europesays.com\/es\/132715\/","title":{"rendered":"Un sanrafaelino campe\u00f3n representando a la Argentina en Asunci\u00f3n del Paraguay"},"content":{"rendered":"<p>Cabe destacar que en el elenco masculino uno de los integrantes del cuerpo t\u00e9cnico nacional fue el profesor Juan Pablo Paiva (CEDEP-Club de Pescadores) a cargo de la preparaci\u00f3n f\u00edsica del elenco nacional en el Torneo Sur-Centro 2025 de la categor\u00eda menores.<\/p>\n<p>\u201cMuy contento porque fue una experiencia excelente, la m\u00e1s linda que he vivido en mi etapa dentro del handball. Poder representar a la Selecci\u00f3n Argentina fue tremendo, cantar el himno con todo lo que eso significa y encima salimos campeones invictos\u201d, expres\u00f3 Juan Pablo.<\/p>\n<p>Los varones consiguieron el bicampeonato tras vencer a Uruguay (24-17), Paraguay B (39-10), Brasil (26-21), Chile (27-22) y a Paraguay A (30-16).<\/p>\n<p><a target=\"_blank\" href=\"https:\/\/wa.link\/aqk96o\" title=\"fas_2\" rel=\"nofollow noopener\"><img decoding=\"async\" src=\"https:\/\/www.europesays.com\/es\/wp-content\/uploads\/2025\/09\/1758580690_604_fas_2.gif\" title=\"fas_2\"\/><\/a><\/p>\n","protected":false},"excerpt":{"rendered":"Cabe destacar que en el elenco masculino uno de los integrantes del cuerpo t\u00e9cnico nacional fue el profesor&hellip;\n","protected":false},"author":2,"featured_media":132716,"comment_status":"","ping_status":"","sticky":false,"template":"","format":"standard","meta":{"footnotes":""},"categories":[278],"tags":[376,168,25,24,375,23,167],"class_list":{"0":"post-132715","1":"post","2":"type-post","3":"status-publish","4":"format-standard","5":"has-post-thumbnail","7":"category-balonmano","8":"tag-balonmano","9":"tag-deportes","10":"tag-es","11":"tag-espana","12":"tag-handball","13":"tag-spain","14":"tag-sports"},"share_on_mastodon":{"url":"","error":""},"_links":{"self":[{"href":"https:\/\/www.europesays.com\/es\/wp-json\/wp\/v2\/posts\/132715","targetHints":{"allow":["GET"]}}],"collection":[{"href":"https:\/\/www.europesays.com\/es\/wp-json\/wp\/v2\/posts"}],"about":[{"href":"https:\/\/www.europesays.com\/es\/wp-json\/wp\/v2\/types\/post"}],"author":[{"embeddable":true,"href":"https:\/\/www.europesays.com\/es\/wp-json\/wp\/v2\/users\/2"}],"replies":[{"embeddable":true,"href":"https:\/\/www.europesays.com\/es\/wp-json\/wp\/v2\/comments?post=132715"}],"version-history":[{"count":0,"href":"https:\/\/www.europesays.com\/es\/wp-json\/wp\/v2\/posts\/132715\/revisions"}],"wp:featuredmedia":[{"embeddable":true,"href":"https:\/\/www.europesays.com\/es\/wp-json\/wp\/v2\/media\/132716"}],"wp:attachment":[{"href":"https:\/\/www.europesays.com\/es\/wp-json\/wp\/v2\/media?parent=132715"}],"wp:term":[{"taxonomy":"category","embeddable":true,"href":"https:\/\/www.europesays.com\/es\/wp-json\/wp\/v2\/categories?post=132715"},{"taxonomy":"post_tag","embeddable":true,"href":"https:\/\/www.europesays.com\/es\/wp-json\/wp\/v2\/tags?post=132715"}],"curies":[{"name":"wp","href":"https:\/\/api.w.org\/{rel}","templated":true}]}}