{"id":132717,"date":"2025-09-22T22:39:13","date_gmt":"2025-09-22T22:39:13","guid":{"rendered":"https:\/\/www.europesays.com\/es\/132717\/"},"modified":"2025-09-22T22:39:13","modified_gmt":"2025-09-22T22:39:13","slug":"gran-expectacion-en-la-apertura-de-taquillas-en-ubeda","status":"publish","type":"post","link":"https:\/\/www.europesays.com\/es\/132717\/","title":{"rendered":"Gran expectaci\u00f3n en la apertura de taquillas en \u00dabeda"},"content":{"rendered":"<p>&#13;<br \/>\n        &#13;<br \/>\n&#13;<br \/>\n        &#13;<\/p>\n<p>            <a href=\"https:\/\/www.europesays.com\/es\/wp-content\/uploads\/2025\/09\/IMG-20250922-WA0031.jpg\" data-caption=\"\"><img loading=\"lazy\" decoding=\"async\" width=\"425\" height=\"455\" class=\"entry-thumb td-modal-image\" src=\"https:\/\/www.europesays.com\/es\/wp-content\/uploads\/2025\/09\/IMG-20250922-WA0031.jpg\"   alt=\"\" title=\"IMG-20250922-WA0031\"\/><\/a><\/p>\n<p>Largas colas de aficionados esta ma\u00f1ana, 22 de septiembre, en la apertura de las taquillas del coso de San Nicasio<\/p>\n<p><strong>Las taquillas de la plaza de toros de \u00dabeda se han abierto esta ma\u00f1ana<\/strong>, 22 de septiembre, para la\u00a0<strong>venta de entradas f\u00edsicas\u00a0<\/strong>con motivo de la inminente Feria de San Miguel 2025 que se desarrollar\u00e1 los d\u00edas 28 de septiembre y 4 de octubre.<\/p>\n<p>Se han visto\u00a0<strong>largas colas de aficionados\u00a0<\/strong>esperando para poder adquirir sus entradas en los exteriores del\u00a0<strong>coso de San Nicasio<\/strong>, que hace prever la gran afluencia de p\u00fablico que se dar\u00e1 cita en \u00dabeda durante la feria.<\/p>\n<p><strong>Las taquillas estar\u00e1n abiertas hasta el 4 de octubre\u00a0<\/strong>en horario\u00a0<strong>de 10 a 14 horas y de 17.30 a 21 horas<\/strong>, y los d\u00edas de festejo desde las 10 horas hasta el comienzo del espect\u00e1culo de manera ininterrumpida. As\u00ed mismo,\u00a0<strong>sigue activa la venta de entradas de manera online\u00a0<\/strong>a trav\u00e9s de\u00a0<a href=\"http:\/\/www.bacantix.com\/\" rel=\"nofollow noopener\" target=\"_blank\">www.bacantix.com<\/a><\/p>\n<ul class=\"wp-block-list\">\n<li><strong>28 de septiembre<\/strong>. Toros de\u00a0<strong>Victorino Mart\u00edn<\/strong>,<strong>\u00a0Fuente Ymbro<\/strong>,<strong>\u00a0Torrealta<\/strong>,<strong>\u00a0Daniel Ruiz<\/strong>,<strong>\u00a0El Freixo y Sancho D\u00e1vila para Curro D\u00edaz<\/strong>, en solitario. Este festejo servir\u00e1 para homenajear a la afici\u00f3n de la provincia de Ja\u00e9n.<\/li>\n<li\/>\n<li><strong>4 de octubre<\/strong>. Toros de\u00a0<strong>Juan Pedro Domecq y Jandilla para Morante de la Puebla, Juan Ortega y Roca Rey.<\/strong><\/li>\n<\/ul>\n<p><a href=\"#\"><img decoding=\"async\" src=\"https:\/\/www.lascosasdeltoro.com\/wp-content\/uploads\/2016\/10\/rec728.jpg\"\/><\/a>        &#13;<br \/>\n&#13;<br \/>\n        &#13;<br \/>\n                        &#13;<br \/>\n            &#13;<br \/>\n&#13;<br \/>\n                        Art\u00edculo anterior<a href=\"https:\/\/www.lascosasdeltoro.com\/actualidad-taurina\/jaen-feria-taurina-de-san-lucas-2025\/\" rel=\"nofollow noopener\" target=\"_blank\">Ja\u00e9n, feria taurina de San Lucas 2025<\/a>Art\u00edculo siguiente<a href=\"https:\/\/www.lascosasdeltoro.com\/actualidad-taurina\/pablo-aguado-causa-baja-en-logrono\/\" rel=\"nofollow noopener\" target=\"_blank\">Pablo Aguado causa baja en Logro\u00f1o<\/a>            <a href=\"https:\/\/www.lascosasdeltoro.com\/author\/admin\/\" aria-label=\"author-photo\" rel=\"nofollow noopener\" target=\"_blank\"><img loading=\"lazy\" alt=\"lascosasdeltoro\" src=\"https:\/\/www.europesays.com\/es\/wp-content\/uploads\/2025\/09\/1758580753_660_dbebf142a7a67511c64814587c8eaa16b418c1c1c049ecc90feec213db52a254\"  class=\"avatar avatar-96 photo\" height=\"96\" width=\"96\" decoding=\"async\"\/><\/a>                    &#13;<br \/>\n&#13;<\/p>\n","protected":false},"excerpt":{"rendered":"&#13; &#13; &#13; &#13; Largas colas de aficionados esta ma\u00f1ana, 22 de septiembre, en la apertura de las&hellip;\n","protected":false},"author":2,"featured_media":132718,"comment_status":"","ping_status":"","sticky":false,"template":"","format":"standard","meta":{"footnotes":""},"categories":[277],"tags":[373,168,25,24,23,167,374],"class_list":{"0":"post-132717","1":"post","2":"type-post","3":"status-publish","4":"format-standard","5":"has-post-thumbnail","7":"category-toreo","8":"tag-bullfighting","9":"tag-deportes","10":"tag-es","11":"tag-espana","12":"tag-spain","13":"tag-sports","14":"tag-toreo"},"share_on_mastodon":{"url":"","error":""},"_links":{"self":[{"href":"https:\/\/www.europesays.com\/es\/wp-json\/wp\/v2\/posts\/132717","targetHints":{"allow":["GET"]}}],"collection":[{"href":"https:\/\/www.europesays.com\/es\/wp-json\/wp\/v2\/posts"}],"about":[{"href":"https:\/\/www.europesays.com\/es\/wp-json\/wp\/v2\/types\/post"}],"author":[{"embeddable":true,"href":"https:\/\/www.europesays.com\/es\/wp-json\/wp\/v2\/users\/2"}],"replies":[{"embeddable":true,"href":"https:\/\/www.europesays.com\/es\/wp-json\/wp\/v2\/comments?post=132717"}],"version-history":[{"count":0,"href":"https:\/\/www.europesays.com\/es\/wp-json\/wp\/v2\/posts\/132717\/revisions"}],"wp:featuredmedia":[{"embeddable":true,"href":"https:\/\/www.europesays.com\/es\/wp-json\/wp\/v2\/media\/132718"}],"wp:attachment":[{"href":"https:\/\/www.europesays.com\/es\/wp-json\/wp\/v2\/media?parent=132717"}],"wp:term":[{"taxonomy":"category","embeddable":true,"href":"https:\/\/www.europesays.com\/es\/wp-json\/wp\/v2\/categories?post=132717"},{"taxonomy":"post_tag","embeddable":true,"href":"https:\/\/www.europesays.com\/es\/wp-json\/wp\/v2\/tags?post=132717"}],"curies":[{"name":"wp","href":"https:\/\/api.w.org\/{rel}","templated":true}]}}