{"id":132719,"date":"2025-09-22T22:43:11","date_gmt":"2025-09-22T22:43:11","guid":{"rendered":"https:\/\/www.europesays.com\/es\/132719\/"},"modified":"2025-09-22T22:43:11","modified_gmt":"2025-09-22T22:43:11","slug":"soderqvist-y-backstedt-mandan-en-la-contrarreloj-sub-23","status":"publish","type":"post","link":"https:\/\/www.europesays.com\/es\/132719\/","title":{"rendered":"Soderqvist y Backstedt mandan en la contrarreloj Sub-23"},"content":{"rendered":"<p class=\"\">El sueco <b>Jakob Soderqvist<\/b> (Lidl-Trek) gan\u00f3 la medalla de oro en la contrarreloj individual sub-23 que cerr\u00f3 este lunes la segunda jornada de los <a href=\"https:\/\/as.com\/ciclismo\/mas_ciclismo\/contrarreloj-del-mundial-de-ciclismo-2025-recorrido-perfil-ausencias-y-favoritos-al-oro-n\/\" target=\"_self\" rel=\"nofollow noopener\" title=\"https:\/\/as.com\/ciclismo\/mas_ciclismo\/contrarreloj-del-mundial-de-ciclismo-2025-recorrido-perfil-ausencias-y-favoritos-al-oro-n\/\"><b>Mundiales de Ciclismo de Ruanda,<\/b><\/a> sobre un duro recorrido en Kigali de 31,2 km que complet\u00f3 en un tiempo de 38 minutos y 24 segundos.<\/p>\n<p class=\"\">Soderqvist (Sundsvall, 2003) part\u00eda como favorito y lo confirm\u00f3 en cada uno de los tres puntos intermedios de cronometraje del recorrido, que incluy\u00f3 una doble ascensi\u00f3n a la cota de Nyanza y la final a la de Kimihurura. Fue el <b>\u00fanico que baj\u00f3 en la prueba de los 39 minutos, rodando a un promedio de 48,7 km\/h,<\/b> <b>solo 0,2 km\/h menos que el belga Remco Evenepoel<\/b> (Soudal-Quick Step) el d\u00eda anterior, aunque sobre una distancia de 9,4 km m\u00e1s.<\/p>\n<p class=\"\">Tras el sueco, doble campe\u00f3n nacional de la especialidad, se clasificaron el neozeland\u00e9s <b>Nate Pringle<\/b> (Red Bull-Bora) con un tiempo de 39:28.39 y el franc\u00e9s <b>Maxime Decomble<\/b> (Groupama-FDK) con 39:28.56. La pelea por la medalla de plata se resolvi\u00f3 por una diferencia de tan solo 17 cent\u00e9simas.<\/p>\n<p class=\"\">De los representantes espa\u00f1oles, el alicantino <b>H\u00e9ctor \u00c1lvarez<\/b> (Lidl-Trek) hizo una contrarreloj en la que supo regular los esfuerzos siempre dentro de los diez mejores tiempos para acabar en <b>novena posici\u00f3n, a 1:49 del vencedor. <\/b>El catal\u00e1n Adri\u00e1 Pericas (UAE Emirates) estuvo algo por debajo de lo esperado y no pudo colarse en el top-10 con un tiempo de 40:34 que le situ\u00f3 en el duod\u00e9cimo puesto.<\/p>\n<p>Backstedt cumple los pron\u00f3sticos<\/p>\n<p class=\"\">La brit\u00e1nica <b>Zoe Backstedt<\/b> ha conquistado el t\u00edtulo mundial contrarreloj individual sub-23, el primero que se celebra separado de la categor\u00eda \u00e9lite, en la segunda jornada del calendario de los Mundiales de Ciclismo de Ruanda, sobre un exigente recorrido en Kigali de 22,6 km que complet\u00f3 en un tiempo de 30 minutos y 56 segundos.<\/p>\n<p class=\"\">Backstedt (Pontyclun, 2004), campeona brit\u00e1nica \u00e9lite de la especialidad, confirm\u00f3 su condici\u00f3n de principal favorita con una portentosa actuaci\u00f3n, parti\u00f3 con el dorsal 1, y no dio opci\u00f3n a ninguna de sus rivales marcando desde el primer punto intermedio los mejores registros en el <b>duro trazado que inclu\u00eda una ascensi\u00f3n a la Cote de Nyanza.<\/b> Tras la brit\u00e1nica, las otras dos plazas del podio fueron para la eslovaca Viktoria Chladonova, a 1:50, y la italiana Federica Venturelli, a 2:11.<\/p>\n<p class=\"\">Su sobresaliente actuaci\u00f3n le permiti\u00f3 a Backstedt <b>doblar a las dos ciclistas que tomaron la salida antes que ella, la checa Julia Kopecky y la luxemburguesa Marie Schreiber.<\/b> La brit\u00e1nica ya sabe lo que es vestir el jersey arcoiris por sus t\u00edtulos tanto en ruta como en contrarreloj en la categor\u00eda j\u00fanior y en ciclocross. Hasta la entrada en acci\u00f3n de la brit\u00e1nica, la primera en marcar un buen tiempo de referencia fue la jovenc\u00edsima eslovaca Viktoria Chladonova (Visma Lease a Bike), que cumplir\u00e1 los diecinueve a\u00f1os el 15 de noviembre, tan bueno que le sirvi\u00f3 para ser segunda.<\/p>\n<p>Noticias relacionadas<\/p>\n<p class=\"\">Entre las 49 ciclistas que tomaron la salida, \u00fanicamente hab\u00eda una espa\u00f1ola, la catalana <b>Paula Blasi <\/b>(UAE Emirates-ADQ), <b>que finaliz\u00f3 en la duod\u00e9cima posici\u00f3n a 3:14, <\/b>en una carrera en la que se mantuvo cerca del top-10, fue und\u00e9cima en los primeros parciales, pero termin\u00f3 perdiendo tres puestos en el \u00faltimo tramo.<\/p>\n<p class=\"\"><b>\u00a1Tus opiniones importan!<\/b> Comenta en los art\u00edculos y suscr\u00edbete gratis a nuestra <a href=\"https:\/\/asfan.as.com\/newsletters\/\" target=\"_blank\" rel=\"nofollow noopener\" title=\"https:\/\/asfan.as.com\/newsletters\/\">newsletter<\/a> y a las alertas informativas en la <a href=\"https:\/\/as.com\/aplicacion-de-as-n\/\" target=\"_blank\" rel=\"nofollow noopener\" title=\"https:\/\/as.com\/aplicacion-de-as-n\/\">App<\/a> o el canal de <a href=\"https:\/\/www.whatsapp.com\/channel\/0029VaAasdA7j6g745nz9M10\" target=\"_blank\" rel=\"nofollow noopener\" title=\"https:\/\/www.whatsapp.com\/channel\/0029VaAasdA7j6g745nz9M10\">WhatsApp<\/a>. \u00bfBuscas licenciar contenido? Haz clic <a href=\"https:\/\/profesional.elpais.com\/soluciones-sindicacion?utm_medium=interno&amp;utm_source=crosslinking&amp;utm_campaign=sindicacion_as_pie_articulos\" target=\"_blank\" rel=\"nofollow noopener\" title=\"https:\/\/profesional.elpais.com\/soluciones-sindicacion?utm_medium=interno&amp;utm_source=crosslinking&amp;utm_campaign=sindicacion_as_pie_articulos\">aqu\u00ed<\/a><\/p>\n","protected":false},"excerpt":{"rendered":"El sueco Jakob Soderqvist (Lidl-Trek) gan\u00f3 la medalla de oro en la contrarreloj individual sub-23 que cerr\u00f3 este&hellip;\n","protected":false},"author":2,"featured_media":132720,"comment_status":"","ping_status":"","sticky":false,"template":"","format":"standard","meta":{"footnotes":""},"categories":[273],"tags":[313,312,168,25,24,23,167],"class_list":{"0":"post-132719","1":"post","2":"type-post","3":"status-publish","4":"format-standard","5":"has-post-thumbnail","7":"category-ciclismo","8":"tag-ciclismo","9":"tag-cycling","10":"tag-deportes","11":"tag-es","12":"tag-espana","13":"tag-spain","14":"tag-sports"},"share_on_mastodon":{"url":"","error":""},"_links":{"self":[{"href":"https:\/\/www.europesays.com\/es\/wp-json\/wp\/v2\/posts\/132719","targetHints":{"allow":["GET"]}}],"collection":[{"href":"https:\/\/www.europesays.com\/es\/wp-json\/wp\/v2\/posts"}],"about":[{"href":"https:\/\/www.europesays.com\/es\/wp-json\/wp\/v2\/types\/post"}],"author":[{"embeddable":true,"href":"https:\/\/www.europesays.com\/es\/wp-json\/wp\/v2\/users\/2"}],"replies":[{"embeddable":true,"href":"https:\/\/www.europesays.com\/es\/wp-json\/wp\/v2\/comments?post=132719"}],"version-history":[{"count":0,"href":"https:\/\/www.europesays.com\/es\/wp-json\/wp\/v2\/posts\/132719\/revisions"}],"wp:featuredmedia":[{"embeddable":true,"href":"https:\/\/www.europesays.com\/es\/wp-json\/wp\/v2\/media\/132720"}],"wp:attachment":[{"href":"https:\/\/www.europesays.com\/es\/wp-json\/wp\/v2\/media?parent=132719"}],"wp:term":[{"taxonomy":"category","embeddable":true,"href":"https:\/\/www.europesays.com\/es\/wp-json\/wp\/v2\/categories?post=132719"},{"taxonomy":"post_tag","embeddable":true,"href":"https:\/\/www.europesays.com\/es\/wp-json\/wp\/v2\/tags?post=132719"}],"curies":[{"name":"wp","href":"https:\/\/api.w.org\/{rel}","templated":true}]}}