{"id":132729,"date":"2025-09-22T22:48:13","date_gmt":"2025-09-22T22:48:13","guid":{"rendered":"https:\/\/www.europesays.com\/es\/132729\/"},"modified":"2025-09-22T22:48:13","modified_gmt":"2025-09-22T22:48:13","slug":"gaza-a-traves-de-sus-ojos-una-exposicion-en-el-thyssen-reune-imagenes-de-los-fotografos-palestinos-que-sobreviven-en-la-franja","status":"publish","type":"post","link":"https:\/\/www.europesays.com\/es\/132729\/","title":{"rendered":"\u00abGaza a trav\u00e9s de sus ojos\u00bb: una exposici\u00f3n en el Thyssen re\u00fane im\u00e1genes de los fot\u00f3grafos palestinos que sobreviven en la Franja"},"content":{"rendered":"<p><img fetchpriority=\"high\" decoding=\"async\" data-attachment-id=\"81493\" data-permalink=\"https:\/\/photolari.com\/gaza-a-traves-de-sus-ojos-fotoperiodismo-desde-dentro-de-la-franja-en-el-tyssen\/gaza-a-traves-de-sus-ojos-exposicion-03\/\" data-orig-file=\"https:\/\/www.europesays.com\/es\/wp-content\/uploads\/2025\/09\/gaza-a-traves-de-sus-ojos-exposicion-03.jpg\" data-orig-size=\"1200,800\" data-comments-opened=\"1\" data-image-meta=\"{&quot;aperture&quot;:&quot;0&quot;,&quot;credit&quot;:&quot;&quot;,&quot;camera&quot;:&quot;&quot;,&quot;caption&quot;:&quot;&quot;,&quot;created_timestamp&quot;:&quot;0&quot;,&quot;copyright&quot;:&quot;&quot;,&quot;focal_length&quot;:&quot;0&quot;,&quot;iso&quot;:&quot;0&quot;,&quot;shutter_speed&quot;:&quot;0&quot;,&quot;title&quot;:&quot;&quot;,&quot;orientation&quot;:&quot;0&quot;}\" data-image-title=\"gaza-a-traves-de-sus-ojos-exposicion-03\" data-image-description=\"\" data-image-caption=\"\" data-medium-file=\"https:\/\/photolari.com\/wp-content\/uploads\/2025\/09\/gaza-a-traves-de-sus-ojos-exposicion-03-300x200.jpg\" data-large-file=\"https:\/\/photolari.com\/wp-content\/uploads\/2025\/09\/gaza-a-traves-de-sus-ojos-exposicion-03-1030x687.jpg\" class=\"alignnone size-full wp-image-81493\" src=\"https:\/\/www.europesays.com\/es\/wp-content\/uploads\/2025\/09\/gaza-a-traves-de-sus-ojos-exposicion-03.jpg\" alt=\"gaza-a-traves-de-sus-ojos-exposicion-03\" width=\"1200\" height=\"800\"  \/><\/p>\n<p>M\u00e1s de 200 periodistas han sido asesinados por Israel en Gaza durante los \u00faltimos dos a\u00f1os. Es s\u00f3lo una arista m\u00e1s del genocidio perpetrado por el gobierno de Netanyahu y que se ha cobrado la vida de decenas de miles de civiles y que ha reducido a escombros este territorio ocupado.<\/p>\n<p>\nPublicidad&#13;<br \/>\n  &#13;\n<\/p>\n<p>Pese a que el gobierno sionista no quiere testigos, algunos fotoperiodistas han podido seguir trabajando. Ahora, una peque\u00f1a selecci\u00f3n de 27 fotograf\u00edas re\u00fane el trabajo de diferentes fotoperiodistas que han documentado el d\u00eda a d\u00eda en la Franja de Gaza desde el principio del conflicto en 2023.<\/p>\n<p>La exposici\u00f3n titulada \u201cGaza a trav\u00e9s de sus ojos\u201d est\u00e1 organizada por UNRWA (Agencia de las Naciones Unidas para los Refugiados de Palestina en Oriente Pr\u00f3ximo) junto a ECHO (Departamento de Protecci\u00f3n Civil y Ayuda Humanitaria de la Comisi\u00f3n Europea) y podr\u00e1 verse en el <a href=\"https:\/\/www.museothyssen.org\/exposiciones\/gaza-traves-sus-ojos\" rel=\"nofollow noopener\" target=\"_blank\">Museo Nacional Tyssen-Bornemisza<\/a> (Madrid) con acceso gratuito dede el 23 de septiembre hasta el 19 de octubre de 2025.<\/p>\n<p>La poblaci\u00f3n de Gaza lleva dos a\u00f1os soportando bombardeos continuos, desplazamientos forzados, el colapso de servicios b\u00e1sicos como acceso a alimentos, agua potable, ayuda sanitaria y refugio. Se han atacado hospitales, escuelas y espacios de ayuda, todos ellos protegidos por el derecho internacional humanitario.\u00a0<\/p>\n<p><img loading=\"lazy\" decoding=\"async\" data-attachment-id=\"81482\" data-permalink=\"https:\/\/photolari.com\/gaza-a-traves-de-sus-ojos-fotoperiodismo-desde-dentro-de-la-franja-en-el-tyssen\/screenshot-49\/\" data-orig-file=\"https:\/\/www.europesays.com\/es\/wp-content\/uploads\/2025\/09\/gaza-a-traves-de-sus-ojos-exposicion-01.jpg\" data-orig-size=\"1200,797\" data-comments-opened=\"1\" data-image-meta=\"{&quot;aperture&quot;:&quot;0&quot;,&quot;credit&quot;:&quot;&quot;,&quot;camera&quot;:&quot;&quot;,&quot;caption&quot;:&quot;Screenshot&quot;,&quot;created_timestamp&quot;:&quot;0&quot;,&quot;copyright&quot;:&quot;&quot;,&quot;focal_length&quot;:&quot;0&quot;,&quot;iso&quot;:&quot;0&quot;,&quot;shutter_speed&quot;:&quot;0&quot;,&quot;title&quot;:&quot;Screenshot&quot;,&quot;orientation&quot;:&quot;1&quot;}\" data-image-title=\"Gaza a trav\u00e9s de sus ojos_exposici\u00f3n_02\" data-image-description=\"\" data-image-caption=\"\" data-medium-file=\"https:\/\/photolari.com\/wp-content\/uploads\/2025\/09\/gaza-a-traves-de-sus-ojos-exposicion-01-300x199.jpg\" data-large-file=\"https:\/\/photolari.com\/wp-content\/uploads\/2025\/09\/gaza-a-traves-de-sus-ojos-exposicion-01-1030x684.jpg\" class=\"alignnone size-full wp-image-81482\" src=\"https:\/\/www.europesays.com\/es\/wp-content\/uploads\/2025\/09\/gaza-a-traves-de-sus-ojos-exposicion-01.jpg\" alt=\"\" width=\"1200\" height=\"797\"  \/><\/p>\n<p>A pesar de que las autoridades israel\u00edes han prohibido la entrada de medios internacionales en la zona, numerosos fot\u00f3grafos y fot\u00f3grafas palestinos siguen trabajando bajo amenazas constantes, para que sus im\u00e1genes sirvan como testimonio del horror.<\/p>\n<p>La exposici\u00f3n denuncia el riesgo cotidiano que enfrentan quienes documentan este genocidio. M\u00e1s de 360 miembros del equipo de UNRWA, han sido asesinados mientras desempe\u00f1aban su labor humanitaria y muchos junto a sus familias. La agencia adem\u00e1s de facilitar suministros esenciales, actividades educativas o refugio para familias tambi\u00e9n colabora con fotoperiodistas, que asumen un gran riesgo personal bajo el asedio, para evidenciar la situaci\u00f3n. Por su propia seguridad las fotograf\u00edas no aparecer\u00e1n firmadas y su autor\u00eda permanecer\u00e1 bajo el anonimato.\u00a0<\/p>\n<p>M\u00e1s que una muestra fotogr\u00e1fica \u201cGaza a trav\u00e9s de sus ojos\u201d es un llamado a la conciencia que invita al p\u00fablico a no permanecer indiferente ante la barbarie, cuentan sus organizardores. A trav\u00e9s de im\u00e1genes tomadas en condiciones extremas, la exposici\u00f3n desaf\u00eda la lejan\u00eda informativa, humanizando las estad\u00edsticas con escenas de destrucci\u00f3n y perdida pero tambi\u00e9n de dignidad resilente.\u00a0<\/p>\n<p>\n\tRelacionado<\/p>\n","protected":false},"excerpt":{"rendered":"M\u00e1s de 200 periodistas han sido asesinados por Israel en Gaza durante los \u00faltimos dos a\u00f1os. Es s\u00f3lo&hellip;\n","protected":false},"author":2,"featured_media":132730,"comment_status":"","ping_status":"","sticky":false,"template":"","format":"standard","meta":{"footnotes":""},"categories":[173],"tags":[229,233,231,230,232,234,146,147,25,24,241,6643,23],"class_list":{"0":"post-132729","1":"post","2":"type-post","3":"status-publish","4":"format-standard","5":"has-post-thumbnail","7":"category-arte-y-diseno","8":"tag-arte","9":"tag-arte-y-diseno","10":"tag-arts","11":"tag-arts-and-design","12":"tag-design","13":"tag-diseno","14":"tag-entertainment","15":"tag-entretenimiento","16":"tag-es","17":"tag-espana","18":"tag-exposiciones","19":"tag-fotoperiodismo","20":"tag-spain"},"share_on_mastodon":{"url":"","error":""},"_links":{"self":[{"href":"https:\/\/www.europesays.com\/es\/wp-json\/wp\/v2\/posts\/132729","targetHints":{"allow":["GET"]}}],"collection":[{"href":"https:\/\/www.europesays.com\/es\/wp-json\/wp\/v2\/posts"}],"about":[{"href":"https:\/\/www.europesays.com\/es\/wp-json\/wp\/v2\/types\/post"}],"author":[{"embeddable":true,"href":"https:\/\/www.europesays.com\/es\/wp-json\/wp\/v2\/users\/2"}],"replies":[{"embeddable":true,"href":"https:\/\/www.europesays.com\/es\/wp-json\/wp\/v2\/comments?post=132729"}],"version-history":[{"count":0,"href":"https:\/\/www.europesays.com\/es\/wp-json\/wp\/v2\/posts\/132729\/revisions"}],"wp:featuredmedia":[{"embeddable":true,"href":"https:\/\/www.europesays.com\/es\/wp-json\/wp\/v2\/media\/132730"}],"wp:attachment":[{"href":"https:\/\/www.europesays.com\/es\/wp-json\/wp\/v2\/media?parent=132729"}],"wp:term":[{"taxonomy":"category","embeddable":true,"href":"https:\/\/www.europesays.com\/es\/wp-json\/wp\/v2\/categories?post=132729"},{"taxonomy":"post_tag","embeddable":true,"href":"https:\/\/www.europesays.com\/es\/wp-json\/wp\/v2\/tags?post=132729"}],"curies":[{"name":"wp","href":"https:\/\/api.w.org\/{rel}","templated":true}]}}