{"id":132737,"date":"2025-09-22T22:53:08","date_gmt":"2025-09-22T22:53:08","guid":{"rendered":"https:\/\/www.europesays.com\/es\/132737\/"},"modified":"2025-09-22T22:53:08","modified_gmt":"2025-09-22T22:53:08","slug":"resultado-y-cronica-del-burgos-cf-vs-granada-cf-jornada-6-granada-cf","status":"publish","type":"post","link":"https:\/\/www.europesays.com\/es\/132737\/","title":{"rendered":"Resultado y Cr\u00f3nica del Burgos CF vs Granada CF. jornada 6 | Granada CF"},"content":{"rendered":"<p>El Granada CF sum\u00f3 un punto en su visita al Burgos CF en El Plant\u00edo, en el choque correspondiente a la jornada 6 de LaLiga Hypermotion. <strong>Alex Sola<\/strong> adelant\u00f3 a los rojiblancos en el marcador ya en la segunda mitad y Grego Sierra pon\u00eda el empate en el 71\u2019.<\/p>\n<p>Para este encuentro, Pacheta eligi\u00f3 de inicio a Luca en porter\u00eda; Casades\u00fas, Oscar Naasei, Manu Lama y Hormigo en defensa; Rub\u00e9n Alcaraz y Hongla en el centro del campo; Alex Sola y Faye en las bandas; y Jorge Pascual en punta de ataque.<\/p>\n<p>El partido estuvo igualado desde el principio, con ambos equipos queriendo encontrar los espacios en el \u00e1rea rival. Mucha ida y vuelta durante los primeros 45 minutos, tan equilibrado que el luminoso a\u00fan luc\u00eda el 0-0 inicial cuando lleg\u00f3 el descanso. <\/p>\n<p>Ya tras la reanudaci\u00f3n, el Granada empez\u00f3 a acercarse a la porter\u00eda del conjunto local hasta que, en el 67\u2019, tras un pase de Faye que dej\u00f3 pasar Casades\u00fas, Sola perfor\u00f3 la meta de Cantero con un disparo incontestable que daba la ventaja al equipo rojiblanco.<\/p>\n<p>Apenas cuatro minutos despu\u00e9s, el Burgos volv\u00eda a igualar el encuentro con un gol de Grego Sierra desde el interior del \u00e1rea tras un saque de falta.<\/p>\n<p>Ninguno pudo disolver finalmente el empate y hubo reparto de puntos en El Plant\u00edo.<\/p>\n<p>El Granada CF volver\u00e1 a jugar a domicilio la pr\u00f3xima jornada, la s\u00e9ptima de LaLiga Hypermotion, pues se enfrentar\u00e1 a la SD Huesca en El Alcoraz el pr\u00f3ximo domingo, 28 de septiembre, a las 21.00 horas.<\/p>\n","protected":false},"excerpt":{"rendered":"El Granada CF sum\u00f3 un punto en su visita al Burgos CF en El Plant\u00edo, en el choque&hellip;\n","protected":false},"author":2,"featured_media":132738,"comment_status":"","ping_status":"","sticky":false,"template":"","format":"standard","meta":{"footnotes":""},"categories":[93],"tags":[168,25,24,23,167],"class_list":{"0":"post-132737","1":"post","2":"type-post","3":"status-publish","4":"format-standard","5":"has-post-thumbnail","7":"category-deportes","8":"tag-deportes","9":"tag-es","10":"tag-espana","11":"tag-spain","12":"tag-sports"},"share_on_mastodon":{"url":"","error":""},"_links":{"self":[{"href":"https:\/\/www.europesays.com\/es\/wp-json\/wp\/v2\/posts\/132737","targetHints":{"allow":["GET"]}}],"collection":[{"href":"https:\/\/www.europesays.com\/es\/wp-json\/wp\/v2\/posts"}],"about":[{"href":"https:\/\/www.europesays.com\/es\/wp-json\/wp\/v2\/types\/post"}],"author":[{"embeddable":true,"href":"https:\/\/www.europesays.com\/es\/wp-json\/wp\/v2\/users\/2"}],"replies":[{"embeddable":true,"href":"https:\/\/www.europesays.com\/es\/wp-json\/wp\/v2\/comments?post=132737"}],"version-history":[{"count":0,"href":"https:\/\/www.europesays.com\/es\/wp-json\/wp\/v2\/posts\/132737\/revisions"}],"wp:featuredmedia":[{"embeddable":true,"href":"https:\/\/www.europesays.com\/es\/wp-json\/wp\/v2\/media\/132738"}],"wp:attachment":[{"href":"https:\/\/www.europesays.com\/es\/wp-json\/wp\/v2\/media?parent=132737"}],"wp:term":[{"taxonomy":"category","embeddable":true,"href":"https:\/\/www.europesays.com\/es\/wp-json\/wp\/v2\/categories?post=132737"},{"taxonomy":"post_tag","embeddable":true,"href":"https:\/\/www.europesays.com\/es\/wp-json\/wp\/v2\/tags?post=132737"}],"curies":[{"name":"wp","href":"https:\/\/api.w.org\/{rel}","templated":true}]}}