{"id":132747,"date":"2025-09-22T22:58:16","date_gmt":"2025-09-22T22:58:16","guid":{"rendered":"https:\/\/www.europesays.com\/es\/132747\/"},"modified":"2025-09-22T22:58:16","modified_gmt":"2025-09-22T22:58:16","slug":"es-la-unica-solucion-que-va-a-permitir-la-paz-para-israel","status":"publish","type":"post","link":"https:\/\/www.europesays.com\/es\/132747\/","title":{"rendered":"Es la \u00fanica soluci\u00f3n que va a permitir la paz para Israel"},"content":{"rendered":"<p class=\"article-text\">\n        \u201cHa llegado el momento de liberar a los 48 rehenes detenidos, de detener la guerra, las masacres y el desplazamiento de la poblaci\u00f3n. La urgencia est\u00e1 en todas partes, ha llegado el momento de la paz\u201d. As\u00ed ha arrancado el presidente franc\u00e9s, Emmanuel Macron, su intervenci\u00f3n en el plenario de la Asamblea de Naciones Unidas en la apertura de la Conferencia Internacional de Alto Nivel sobre los dos Estados celebrada en el plenario de Naciones Unidas.\n    <\/p>\n<p>    <a href=\"https:\/\/www.eldiario.es\/internacional\/comunidad-internacional-avanza-onu-reconocimiento-palestina-frente-genocidio-israeli-vetos-trump_1_12617763.html\" data-mrf-recirculation=\"saber-mas\" data-dl-event=\"saber-mas\" rel=\"nofollow noopener\" target=\"_blank\"><\/p>\n<p class=\"know-more__title\">La comunidad internacional avanza en la ONU en el reconocimiento de Palestina frente al genocidio israel\u00ed y los vetos de Trump<\/p>\n<p>            <img decoding=\"async\" class=\"lazy\" loading=\"lazy\" data-src=\"https:\/\/static.eldiario.es\/clip\/4902d1f0-d2d5-406e-b942-d99832f5d3e3_16-9-aspect-ratio_default_0.jpg\" src=\"data:image\/svg+xml,%3Csvg xmlns=\" http:=\"\" viewbox=\"0 0 880 495\" alt=\"La comunidad internacional avanza en la ONU en el reconocimiento de Palestina frente al genocidio israel\u00ed y los vetos de Trump\"\/><\/p>\n<p>                        <\/a><\/p>\n<p class=\"article-text\">\n        Macron ha afirmado que el 7 de octubre de 2023 Israel sufri\u00f3 \u201cel peor atentado de su historia, es una herida a\u00fan abierta. Lo condenamos sin ning\u00fan matiz, nada puede justificar el recurso al terrorismo\u201d.\n    <\/p>\n<p class=\"article-text\">\n        \u201cQueremos que la promesa del Estado palestino se convierta en una realidad\u201d, ha dicho Macron: \u201cNada justifica la continuaci\u00f3n de la guerra en Gaza, hay que ponerlo fin ya para salvar vidas, las vidas de los rehenes israel\u00edes, de los civiles palestinos, salvar todas las vidas, y tenemos el deber de todos de proteger a unos y a otros\u201d.\n    <\/p>\n<p class=\"article-text\">\n        Seg\u00fan Macron, \u201cisrael\u00edes y palestinos viven en soledad, ha llegado el momento, a\u00fan puede llegar lo peor: la expulsi\u00f3n de los gazat\u00edes, la anexi\u00f3n de Cisjordania o los hechos consumados que van a cambiar la situaci\u00f3n de forma irreversible. Por todo esto, hoy aqu\u00ed mismo debemos abrir esta senda de paz, recae sobre nosotros una responsabilidad hist\u00f3rica\u201d.\n    <\/p>\n<p class=\"article-text\">\n        \u201cHa llegado el momento\u201d, ha proseguido: \u201cPor esto, fiel al compromiso hist\u00f3rico de mi pa\u00eds con Oriente Medio, declaro que Francia reconoce hoy el Estado de Palestina. Es la \u00fanica soluci\u00f3n que va a permitir la paz para Israel. Este reconocimiento abre la senda para la paz y la seguridad\u201d.\n    <\/p>\n<p class=\"article-text\">\n        El anuncio de Macron llega al d\u00eda siguiente que Reino Unido, Australia, Portugal y Canad\u00e1, y un a\u00f1o y medio despu\u00e9s que Espa\u00f1a, Irlanda y Noruega.\u00a0Macron tambi\u00e9n anunci\u00f3 que B\u00e9lgica, Malta, Luxemburgo, Andorra y San Marino se sumar\u00e1n al reconocimiento de Palestina. As\u00ed, el n\u00famero de pa\u00edses que reconocen el Estado palestino suma 157, del total de 193 estados miembros de la ONU. No obstante, pa\u00edses importantes como Estados Unidos, Alemania, Jap\u00f3n o Pa\u00edses Bajos siguen sin hacerlo.\u00a0\n    <\/p>\n<p class=\"article-text\">\n        Macron tambi\u00e9n ha anunciado que va a fijar el nivel de cooperaci\u00f3n con Israel en funci\u00f3n de su compromiso con la paz y el fin de la guerra: \u201cEspero tambi\u00e9n que nuestros socios \u00e1rabes y musulmanes tambi\u00e9n reconozcan al Estado de Israel, en un doble reconocimiento en beneficio de la paz\u201d.\n    <\/p>\n<p class=\"article-text\">\n        Mohammed bin Salman, pr\u00edncipe heredero y primer ministro de Arabia Saud\u00ed, copresidente de la sesi\u00f3n de este lunes de la conferencia con Macron, ha agradecido el reconocimiento franc\u00e9s y ha emplazado al resto de pa\u00edses que faltan a hacerlo.\n    <\/p>\n<p class=\"article-text\">\n        Un reconocimiento que llega sin la presencia del presidente palestino, Mahmud Abbas, por la negativa de EEUU a darle el visado. \u201cQuiero reconocer la labor de la delegaci\u00f3n palestina y manifestar una vez m\u00e1s mi decepci\u00f3n por el hecho de que se le haya negado la oportunidad de estar plenamente representada\u201d, ha dicho el secretario general de la ONU, Ant\u00f2nio Guterres, al inicio de su discurso: \u201cNada puede justificar los horribles atentados terroristas del 7 de octubre perpetrados por Ham\u00e1s ni la toma de rehenes, ambos actos que he condenado reiteradamente. Exijo una vez m\u00e1s un alto el fuego inmediato y permanente; la liberaci\u00f3n inmediata e incondicional de todos los rehenes; y un acceso humanitario inmediato, pleno, seguro, incondicional y sin trabas. Y nada puede justificar el castigo colectivo del pueblo palestino ni ninguna forma de limpieza \u00e9tnica. La destrucci\u00f3n sistem\u00e1tica de Gaza. La hambruna de la poblaci\u00f3n. La matanza de decenas de miles de civiles, la mayor\u00eda mujeres y ni\u00f1os, y de cientos de nuestros propios trabajadores humanitarios. Nada puede excusar los acontecimientos en Cisjordania que suponen una amenaza existencial para la soluci\u00f3n de dos Estados. La expansi\u00f3n implacable de los asentamientos. La creciente amenaza de anexi\u00f3n. La intensificaci\u00f3n de la violencia de los colonos. Todo esto debe cesar. La situaci\u00f3n es moral, jur\u00eddica y pol\u00edticamente intolerable. Debemos renovar nuestro compromiso con la soluci\u00f3n de dos Estados antes de que sea demasiado tarde. Una soluci\u00f3n en la que dos Estados independientes, contiguos, democr\u00e1ticos, viables y soberanos se reconozcan mutuamente y se integren plenamente en la comunidad internacional\u201d.\n    <\/p>\n","protected":false},"excerpt":{"rendered":"\u201cHa llegado el momento de liberar a los 48 rehenes detenidos, de detener la guerra, las masacres y&hellip;\n","protected":false},"author":2,"featured_media":132748,"comment_status":"","ping_status":"","sticky":false,"template":"","format":"standard","meta":{"footnotes":""},"categories":[42],"tags":[17,18,13,14,317,11,61,62,63,64,19,20,9,10,15,16,695,5118,12,21,22,65,66,67],"class_list":{"0":"post-132747","1":"post","2":"type-post","3":"status-publish","4":"format-standard","5":"has-post-thumbnail","7":"category-internacional","8":"tag-breaking-news","9":"tag-breakingnews","10":"tag-featured-news","11":"tag-featurednews","12":"tag-francia","13":"tag-headlines","14":"tag-internacional","15":"tag-international","16":"tag-international-news","17":"tag-internationalnews","18":"tag-latest-news","19":"tag-latestnews","20":"tag-news","21":"tag-noticias","22":"tag-noticias-destacadas","23":"tag-noticiasdestacadas","24":"tag-palestino","25":"tag-reconoce","26":"tag-titulares","27":"tag-ultimas-noticias","28":"tag-ultimasnoticias","29":"tag-world","30":"tag-world-news","31":"tag-worldnews"},"share_on_mastodon":{"url":"","error":""},"_links":{"self":[{"href":"https:\/\/www.europesays.com\/es\/wp-json\/wp\/v2\/posts\/132747","targetHints":{"allow":["GET"]}}],"collection":[{"href":"https:\/\/www.europesays.com\/es\/wp-json\/wp\/v2\/posts"}],"about":[{"href":"https:\/\/www.europesays.com\/es\/wp-json\/wp\/v2\/types\/post"}],"author":[{"embeddable":true,"href":"https:\/\/www.europesays.com\/es\/wp-json\/wp\/v2\/users\/2"}],"replies":[{"embeddable":true,"href":"https:\/\/www.europesays.com\/es\/wp-json\/wp\/v2\/comments?post=132747"}],"version-history":[{"count":0,"href":"https:\/\/www.europesays.com\/es\/wp-json\/wp\/v2\/posts\/132747\/revisions"}],"wp:featuredmedia":[{"embeddable":true,"href":"https:\/\/www.europesays.com\/es\/wp-json\/wp\/v2\/media\/132748"}],"wp:attachment":[{"href":"https:\/\/www.europesays.com\/es\/wp-json\/wp\/v2\/media?parent=132747"}],"wp:term":[{"taxonomy":"category","embeddable":true,"href":"https:\/\/www.europesays.com\/es\/wp-json\/wp\/v2\/categories?post=132747"},{"taxonomy":"post_tag","embeddable":true,"href":"https:\/\/www.europesays.com\/es\/wp-json\/wp\/v2\/tags?post=132747"}],"curies":[{"name":"wp","href":"https:\/\/api.w.org\/{rel}","templated":true}]}}