{"id":132753,"date":"2025-09-22T23:01:09","date_gmt":"2025-09-22T23:01:09","guid":{"rendered":"https:\/\/www.europesays.com\/es\/132753\/"},"modified":"2025-09-22T23:01:09","modified_gmt":"2025-09-22T23:01:09","slug":"estudiantes-recibe-a-defensa-por-la-fecha-9-del-torneo-clausura","status":"publish","type":"post","link":"https:\/\/www.europesays.com\/es\/132753\/","title":{"rendered":"Estudiantes recibe a Defensa por la Fecha 9 del Torneo Clausura"},"content":{"rendered":"<p>            <img decoding=\"async\" width=\"1200\" height=\"801\" src=\"https:\/\/www.europesays.com\/es\/wp-content\/uploads\/2025\/09\/593221.jpg\" class=\"attachment-full size-full wp-post-image\" alt=\"\" loading=\"lazy\"\/><\/p>\n<p style=\"display:none\">Estudiantes recibe a Defensa por la Fecha 9 del Torneo Clausura<\/p>\n<p style=\"display:none\">Con la cabeza en Flamengo, Eduardo Dom\u00ednguez presenta un equipo alternativo para enfrentarse al Halc\u00f3n en La Plata. Los de Florencio Varela vienen de perder ante Platense. Seguilo en Ol\u00e9&#8230;&#8230;<\/p>\n<p>Con la cabeza en Flamengo, Eduardo Dom\u00ednguez presenta un equipo alternativo para enfrentarse al Halc\u00f3n en La Plata. Los de Florencio Varela vienen de perder ante Platense. Seguilo en Ol\u00e9&#8230;<\/p>\n<p>Fuente: <a target=\"_blank\" href=\"https:\/\/www.ole.com.ar\/estudiantes\/estudiantes-defensa-justicia-clausura-fecha-9_0_8ceFvnXCvo.html\" rel=\"nofollow noopener\">https:\/\/www.ole.com.ar\/estudiantes\/estudiantes-defensa-justicia-clausura-fecha-9_0_8ceFvnXCvo.html<\/a><\/p>\n","protected":false},"excerpt":{"rendered":"Estudiantes recibe a Defensa por la Fecha 9 del Torneo Clausura Con la cabeza en Flamengo, Eduardo Dom\u00ednguez&hellip;\n","protected":false},"author":2,"featured_media":132754,"comment_status":"","ping_status":"","sticky":false,"template":"","format":"standard","meta":{"footnotes":""},"categories":[278],"tags":[376,168,25,24,375,23,167],"class_list":{"0":"post-132753","1":"post","2":"type-post","3":"status-publish","4":"format-standard","5":"has-post-thumbnail","7":"category-balonmano","8":"tag-balonmano","9":"tag-deportes","10":"tag-es","11":"tag-espana","12":"tag-handball","13":"tag-spain","14":"tag-sports"},"share_on_mastodon":{"url":"","error":""},"_links":{"self":[{"href":"https:\/\/www.europesays.com\/es\/wp-json\/wp\/v2\/posts\/132753","targetHints":{"allow":["GET"]}}],"collection":[{"href":"https:\/\/www.europesays.com\/es\/wp-json\/wp\/v2\/posts"}],"about":[{"href":"https:\/\/www.europesays.com\/es\/wp-json\/wp\/v2\/types\/post"}],"author":[{"embeddable":true,"href":"https:\/\/www.europesays.com\/es\/wp-json\/wp\/v2\/users\/2"}],"replies":[{"embeddable":true,"href":"https:\/\/www.europesays.com\/es\/wp-json\/wp\/v2\/comments?post=132753"}],"version-history":[{"count":0,"href":"https:\/\/www.europesays.com\/es\/wp-json\/wp\/v2\/posts\/132753\/revisions"}],"wp:featuredmedia":[{"embeddable":true,"href":"https:\/\/www.europesays.com\/es\/wp-json\/wp\/v2\/media\/132754"}],"wp:attachment":[{"href":"https:\/\/www.europesays.com\/es\/wp-json\/wp\/v2\/media?parent=132753"}],"wp:term":[{"taxonomy":"category","embeddable":true,"href":"https:\/\/www.europesays.com\/es\/wp-json\/wp\/v2\/categories?post=132753"},{"taxonomy":"post_tag","embeddable":true,"href":"https:\/\/www.europesays.com\/es\/wp-json\/wp\/v2\/tags?post=132753"}],"curies":[{"name":"wp","href":"https:\/\/api.w.org\/{rel}","templated":true}]}}