{"id":132755,"date":"2025-09-22T23:02:04","date_gmt":"2025-09-22T23:02:04","guid":{"rendered":"https:\/\/www.europesays.com\/es\/132755\/"},"modified":"2025-09-22T23:02:04","modified_gmt":"2025-09-22T23:02:04","slug":"ventura-desata-la-locura-en-la-ribera","status":"publish","type":"post","link":"https:\/\/www.europesays.com\/es\/132755\/","title":{"rendered":"Ventura desata la locura en La Ribera"},"content":{"rendered":"<p><a class=\"v-mdl-ath__fig-a\" href=\"https:\/\/www.larioja.com\/autor\/isabel-virumbrales-6333.html\" title=\"Isabel Virumbrales\" rel=\"nofollow noopener\" target=\"_blank\"><br \/>\n<img decoding=\"async\" class=\"v-mdl-ath__img\" src=\"https:\/\/www.europesays.com\/es\/wp-content\/uploads\/2025\/08\/autor-6333-foto-1.jpeg\" alt=\"Isabel Virumbrales\"\/><br \/>\n<\/a><\/p>\n<p class=\"v-mdl-ath__p v-mdl-ath__p--6\">\nLunes, 22 de septiembre 2025, 22:35<\/p>\n<p class=\"v-p\">Despu\u00e9s de a\u00f1os de espera, ayer, por fin, Diego Ventura hizo el pase\u00edllo en la plaza de toros de Logro\u00f1o. Hab\u00eda pique, no solo en el ruedo, sino tambi\u00e9n entre los partidarios de la familia Hermoso y aquellos que quer\u00edan ver al torero hispano-luso. La pasi\u00f3n de seguir a un torero, de admirarlo y de no querer o\u00edr de sus triunfos contado por otros forma parte de la historia de la tauromaquia. Por eso el festejo de rejones de esta feria tuvo tinte hist\u00f3rico por lo esperado del cara a cara entre los dos toreros que se baten el cobre por el cetro del rejoneo. Tambi\u00e9n estaba anunciado Sergio Gal\u00e1n, un rejoneador que torea con much\u00edsima pureza y sobriedad por lo que, a lo mejor, no llega tanto al grader\u00edo al tener un concepto que no busca de manera constante el favor del tendido. <\/p>\n<p class=\"v-p\">Le cost\u00f3 encelarse al primer astado de la tarde con Noche, la montura de Sergio Gal\u00e1n, con quien coloc\u00f3 dos rejones de castigo muy reunidos. El toro de Capea tuvo una embestida noble, aunque le falt\u00f3 un poco m\u00e1s de empuje. Esa carencia la supli\u00f3 Gal\u00e1n con Capote con quien lleg\u00f3 al tendido al colocar, en lo alto, en una batida muy de frente. Acto seguido pis\u00f3 el ruedo Capricho, con quien prendi\u00f3 otro palo muy meritorio por los adentros. En el tercio final hizo su presencia \u00d3leo, una pintura de pelaje isabelo de una bell\u00edsima expresi\u00f3n. Antes de tomar el rej\u00f3n de hoja de peral coloc\u00f3 un par de banderillas cortas dej\u00e1ndose llegar al animal. Perdi\u00f3 el trofeo porque el acero entr\u00f3 a la tercera.<\/p>\n<p class=\"v-p\">Alcot\u00e1n fue el encargado de saludar al cuarto de la tarde, un astado que sali\u00f3 muy aquerenciado y al que a Gal\u00e1n le cost\u00f3 lo suyo poder colocar dos rejones de castigo. Sonaron palmas de tango protestando la condici\u00f3n mansa del toro, est\u00e1 claro que ese defecto no impide la lidia pero quiz\u00e1 desde el palco ten\u00eda que haber habido mayor sensibilidad en virtud del espect\u00e1culo. Sali\u00f3 Capote y el conquense le coloc\u00f3 dos banderillas muy logradas. La presencia de Bambino fue muy jaleada por los tendidos y el rejoneador logr\u00f3 cambiar los terrenos del manso ejemplar de Carmen Lorenzo. En los \u00faltimos compases de la faena apost\u00f3 por \u00d3leo y dej\u00f3 un elegant\u00edsimo par a dos manos. Rejonazo arriba, muy efectivo. Cort\u00f3 una oreja. <\/p>\n<p class=\"v-p\">Diego Ventura se present\u00f3 en Logro\u00f1o con Guadalquivir y recibi\u00f3 a su primero con la garrocha y\u00e9ndose a portagayola. Dej\u00f3 un rej\u00f3n de castigo. Se hizo presente N\u00f3mada con quien dio sitio y coloc\u00f3 dos rehiletes con mucha verdad. Lleg\u00f3 el turno de Bronce, con quien protagoniz\u00f3 una banderilla muy expuesta al retirar la cabezada del caballo y se fue dando el pecho, de poder a poder. Fue ah\u00ed cuando La Ribera despert\u00f3. Acto seguido coloc\u00f3 tres banderillas cortas con Brillante y dej\u00f3 el rej\u00f3n de la suerte final en lo alto. En de Carmen Lorenzo fue duro a la hora de doblar y Ventura aplaudi\u00f3 ese gesto. Pase\u00f3 un trofeo. <\/p>\n<p class=\"v-p\">El quinto sali\u00f3 con much\u00edsimo br\u00edo y Ventura lo recibi\u00f3 con Oro Negro firmando un bello momento al conseguir encelar la embestida del burel. Lleg\u00f3 el momento de Quirico que tuvo muy buen embroque en una banderilla. A continuaci\u00f3n, fue turno de Quitasue\u00f1o y tanto torero como montura supieron esperar el momento para hacer una batida que puso al p\u00fablico en pie. Junto a Querido enloqueci\u00f3 a los tendidos con tres rosas muy arrebatadas. Lo finiquit\u00f3 por arriba. Cort\u00f3 dos orejas. <\/p>\n<p class=\"v-p\">N\u00f3mada y Guillermo Hermoso de Mendoza escucharon una cari\u00f1osa ovaci\u00f3n cuando pisaron el ruedo logro\u00f1\u00e9s. El tercero de la tarde fue el astado con m\u00e1s celo en la salida. Prosigui\u00f3 con Berl\u00edn y su reconocido sentido del temple. Dej\u00f3 dos garapullos y el toro, en el segundo de ellos, perdi\u00f3 las manos. Cambi\u00f3 de montura para ayudarse con Pasodoble y rubricar dos buenos palos. No tuvo mal son el de San Pelayo, aunque le falt\u00f3 un poco m\u00e1s de chispa. Generoso fue el encargado de protagonizar la suerte de la rosa, el estell\u00e9s quer\u00eda colocar tres pero el palco solamente le permiti\u00f3 dos. Dej\u00f3 un rejonazo y volvi\u00f3 a intentar la suerte en dos ocasiones m\u00e1s. <\/p>\n<p class=\"v-p\">Lleg\u00f3 el \u00faltimo toro y Guillermo Hermoso de Mendoza sali\u00f3 a por todas despu\u00e9s del triunfo de Ventura. En esta ocasi\u00f3n apost\u00f3 por J\u00edbaro para recibir en la puerta de toriles a otro ejemplar de Carmen Lorenzo que sigui\u00f3 presto la montura. Lleg\u00f3 al ruedo Ecuador que firm\u00f3 una batida tan torera como ajustada. De la mano de Berl\u00edn, con mucha reuni\u00f3n, rubric\u00f3 buenos palos a pesar de que el toro fue perdiendo fuelle y termin\u00f3 par\u00e1ndose. Esencial fue la montura que cerr\u00f3 la tarde. La lesi\u00f3n de Guillermo Hermoso de Mendoza en la mano izquierda le impidi\u00f3 protagonizar un par a dos manos, como es habitual, pero no quiso defraudar y coloc\u00f3 dos palos con las riendas cogidas en su cintura. Emborron\u00f3 una s\u00f3lida actuaci\u00f3n con la tizona.<\/p>\n<p>Comenta<\/p>\n<p>Reporta un error<\/p>\n<p class=\"v-crt__t\"> L\u00edmite de sesiones alcanzadas<\/p>\n<p class=\"v-crt__p\">El acceso al contenido Premium est\u00e1 abierto por cortes\u00eda del establecimiento donde te encuentras, pero ahora mismo hay demasiados usuarios conectados a las vez.<\/p>\n<p class=\"v-crt__p\">Por favor, int\u00e9ntalo pasados unos minutos.<\/p>\n<p>\nVolver a intentar\n<\/p>\n<p class=\"v-crt__t\">Sesi\u00f3n cerrada<\/p>\n<p class=\"v-crt__p\">Al iniciar sesi\u00f3n desde un dispositivo distinto, por seguridad, se cerr\u00f3 la \u00faltima sesi\u00f3n en este.<\/p>\n<p class=\"v-crt__p\">Para continuar disfrutando de su suscripci\u00f3n digital, inicie sesi\u00f3n en este dispositivo.<\/p>\n<p>\nEste contenido es exclusivo para suscriptores\n<\/p>\n<p class=\"text\">\u00bfTienes una suscripci\u00f3n? <a href=\"https:\/\/secure.larioja.com\/login\/login.html#vca=suscribete&amp;vso=larioja&amp;vmc=on&amp;vli=cdn-ce-link-login\" class=\"login\" data-voc-vtm-id=\"comienzoSuscripcionON\" data-voc-vtm-info=\"cdn-ce-link-login\" rel=\"nofollow noopener\" target=\"_blank\">Inicia sesi\u00f3n<\/a><\/p>\n","protected":false},"excerpt":{"rendered":"Lunes, 22 de septiembre 2025, 22:35 Despu\u00e9s de a\u00f1os de espera, ayer, por fin, Diego Ventura hizo el&hellip;\n","protected":false},"author":2,"featured_media":132756,"comment_status":"","ping_status":"","sticky":false,"template":"","format":"standard","meta":{"footnotes":""},"categories":[277],"tags":[373,168,25,24,13649,39375,23,167,374,444],"class_list":{"0":"post-132755","1":"post","2":"type-post","3":"status-publish","4":"format-standard","5":"has-post-thumbnail","7":"category-toreo","8":"tag-bullfighting","9":"tag-deportes","10":"tag-es","11":"tag-espana","12":"tag-rejones","13":"tag-san-mateo","14":"tag-spain","15":"tag-sports","16":"tag-toreo","17":"tag-toros"},"share_on_mastodon":{"url":"","error":""},"_links":{"self":[{"href":"https:\/\/www.europesays.com\/es\/wp-json\/wp\/v2\/posts\/132755","targetHints":{"allow":["GET"]}}],"collection":[{"href":"https:\/\/www.europesays.com\/es\/wp-json\/wp\/v2\/posts"}],"about":[{"href":"https:\/\/www.europesays.com\/es\/wp-json\/wp\/v2\/types\/post"}],"author":[{"embeddable":true,"href":"https:\/\/www.europesays.com\/es\/wp-json\/wp\/v2\/users\/2"}],"replies":[{"embeddable":true,"href":"https:\/\/www.europesays.com\/es\/wp-json\/wp\/v2\/comments?post=132755"}],"version-history":[{"count":0,"href":"https:\/\/www.europesays.com\/es\/wp-json\/wp\/v2\/posts\/132755\/revisions"}],"wp:featuredmedia":[{"embeddable":true,"href":"https:\/\/www.europesays.com\/es\/wp-json\/wp\/v2\/media\/132756"}],"wp:attachment":[{"href":"https:\/\/www.europesays.com\/es\/wp-json\/wp\/v2\/media?parent=132755"}],"wp:term":[{"taxonomy":"category","embeddable":true,"href":"https:\/\/www.europesays.com\/es\/wp-json\/wp\/v2\/categories?post=132755"},{"taxonomy":"post_tag","embeddable":true,"href":"https:\/\/www.europesays.com\/es\/wp-json\/wp\/v2\/tags?post=132755"}],"curies":[{"name":"wp","href":"https:\/\/api.w.org\/{rel}","templated":true}]}}