{"id":132758,"date":"2025-09-22T23:07:12","date_gmt":"2025-09-22T23:07:12","guid":{"rendered":"https:\/\/www.europesays.com\/es\/132758\/"},"modified":"2025-09-22T23:07:12","modified_gmt":"2025-09-22T23:07:12","slug":"entradas-para-ver-la-f1-en-madrid-precios-y-donde-comprarlas-expansion","status":"publish","type":"post","link":"https:\/\/www.europesays.com\/es\/132758\/","title":{"rendered":"Entradas para ver la F1 en Madrid: precios y d\u00f3nde comprarlas &#8211; Expansi\u00f3n"},"content":{"rendered":"<ol>\n<li><a href=\"https:\/\/news.google.com\/rss\/articles\/CBMimAFBVV95cUxNY3FXVUs2ZUdzam1vLXZFdkMwa0NiQmFXT0QzNzNOTUtEdTduS3o1MHNIeVV0eF9HWkgxaktGQi1xeDlCNFgtMFpOZzA2RTdhQllKNzc4U0RSZ0lzWWJmLVZBOGduQlFKZUEtTWUyQ2QzNmc0QXFrc21reWhpUVM2ZzBWNU5zdnpIYUN0Z3FtNHNyNGlwRk9Uc9IBmAFBVV95cUxPYzYxNm5zTmdJbHNJUlRxNlZ4MExFZmxxTjFvUFBwclNtQUdXSVVSanVsaXZ3S2ZHdktiZWxOWnlwNUxlRUNzRVhHU21WQU84TnF4aEl1aEQ3Sy0wSVNtUTk1dGl4Q2xuWGJDRTROQ1Jic0FLZlRfb2xPVlV2ZG1sSk1OWklXeXFHZ0NMd0hFZEFpRG1RSVZvMQ?oc=5\" target=\"_blank\" rel=\"nofollow noopener\">Entradas para ver la F1 en Madrid: precios y d\u00f3nde comprarlas<\/a>&nbsp;&nbsp;Expansi\u00f3n<\/li>\n<li><a href=\"https:\/\/news.google.com\/rss\/articles\/CBMid0FVX3lxTE1Oemk3UnpPUEMzNjA1aXRxMnFzWFBBQWtUMTZnZy1UdnN2UXdjUFBGLXR0VXRkMFBieWVMeFJoUnpMNEZMV2RjMzNXNzhvSWhxdmN1S25UQ0VQWEhTMTFCX1VtRW8wWHBiSFlJUkptVGhMSzNvMUNF0gF3QVVfeXFMT1VZY3RfOUdxRkhCb1RNYS1wQVo2d21mcnAxWnk4bkpDUExQNnRYbmNQX3UyR08xQUtjTHNTUk8xZk0xZHRRMUJiUTRwOEw0M3M2N3VKN0YxZmRBcVBWaDVsQ0M1MV9oZXJEdk1QdXNITThTRV9ObTQ?oc=5\" target=\"_blank\" rel=\"nofollow noopener\">Entradas GP de Madrid de F1: cu\u00e1ndo salen a la venta y tipos de abono<\/a>&nbsp;&nbsp;El Mundo<\/li>\n<li><a href=\"https:\/\/news.google.com\/rss\/articles\/CBMiqwFBVV95cUxOYjZXd1dlNWlkSDRaNkJmTnlCdWNia3dCdHFfQ0NnbjU3N1M2TTdYWkgzTDd0ekpaTWNUcGNjNFRlbHJQS1FMTWJnUEE1MF9POHp5Y3ZLV1pYa0hNOXZjUEVkcmN0ZE10aG1hQkoydWU3UGRUYkQ3dXpNbzNVem1iS3FSTjdTUzhBVnFHM1JSTVl2dzdHQk0xWlRLVGVVZnZIR21qZ2pzTG5hNkk?oc=5\" target=\"_blank\" rel=\"nofollow noopener\">F\u00f3rmula 1 en Madrid: la mayor capacidad hotelera de las citas europeas<\/a>&nbsp;&nbsp;Hosteltur<\/li>\n<li><a href=\"https:\/\/news.google.com\/rss\/articles\/CBMi3gFBVV95cUxON3d0eFhvTGhQOWM4YkRFTDd6b2o5bVk5V1o3Y2ZPMkplamZoTUZscXh6LXhVajRncFBsRFozeFVndm1kdTlpWmprUFVaci15OUpPQUN4YXNObnVHMTltd1JnZ2RBWEdBakQ1OXFfaV82b0NOSm54dHVnYmFOTWJ5RFVzN2JGOUFsYnp2R05hRzN0LVVwX2pvclBvemJlMUVaSlNkaGxoRmRENU13ZkhKaldjWWF6bW0wb05STTNmT25RbVFlWFB3azluOEpQS2JQNXFpQ2pVMWdNb3FtTlHSAd4BQVVfeXFMTVR4N0xUOWdfVm5qZG1abS1Ic21ub21GVFBneklveEJ3dV9Hd3RlaTA0bDlQaXg4VG5oNmVldmhQd29TTnE2RThzNTB6NTRtTFRjZGUwTnpXaEFNWUIxYkNTZ05PQlpZeUNGY1VaT0d2VFpzVWFsbGl5RzJQWmFzNjBxWk9zRmZjZko2RTdBMGxCcXRfUm1Jb1Bmb05EczRULVJDWnlFYUtqRllyQ0o4T1BkNzhkUFhhVy1IckN4S1FLTlhtcFZ4dHhlRUJEcUJKVGhUNE5FYjNlUjluVnFn?oc=5\" target=\"_blank\" rel=\"nofollow noopener\">\u00bfCu\u00e1ndo y c\u00f3mo comprar las entradas para el primer GP de Espa\u00f1a (F1) en Madring?<\/a>&nbsp;&nbsp;LaSexta<\/li>\n<li><a href=\"https:\/\/news.google.com\/rss\/articles\/CBMiygFBVV95cUxQaWg1Ukgtak1FUnM5bWdXOHR1aVlhc1lUN3A3ckJJUDlDeGJBbzR4SS1BYktCVWQwQUFYampvbkVxSUFFa2htbEtTNzJ5T3lmOWt1UzRWZWpmSkxJUlpwTHpuc29VZDVxSVljVmEzQzQwSVpoNVVkWFJKaEtsUWptSFRHNTVrM0dya3hrUEVXV0VUYTJSaE5INGc1OXQ0akJBaExSdy16WXJOOHZ3NUJCbHZzM3VZLXZLMVNJS0ctME1wT19GWlVJeUdB?oc=5\" target=\"_blank\" rel=\"nofollow noopener\">Entradas para ver la F1 en Madrid: cu\u00e1ndo salen a la venta y d\u00f3nde comprarlas | F\u00f3rmula 1 | Deportes<\/a>&nbsp;&nbsp;EL PA\u00cdS<\/li>\n<\/ol>\n","protected":false},"excerpt":{"rendered":"Entradas para ver la F1 en Madrid: precios y d\u00f3nde comprarlas&nbsp;&nbsp;Expansi\u00f3n Entradas GP de Madrid de F1: cu\u00e1ndo&hellip;\n","protected":false},"author":2,"featured_media":132759,"comment_status":"","ping_status":"","sticky":false,"template":"","format":"standard","meta":{"footnotes":""},"categories":[270],"tags":[168,1564,42352,25,24,306,271,272,24594,23,167],"class_list":{"0":"post-132758","1":"post","2":"type-post","3":"status-publish","4":"format-standard","5":"has-post-thumbnail","7":"category-formula-1","8":"tag-deportes","9":"tag-directivos","10":"tag-directivos-deporte-negocio","11":"tag-es","12":"tag-espana","13":"tag-f1","14":"tag-formula-1","15":"tag-formula1","16":"tag-nea","17":"tag-spain","18":"tag-sports"},"share_on_mastodon":{"url":"","error":""},"_links":{"self":[{"href":"https:\/\/www.europesays.com\/es\/wp-json\/wp\/v2\/posts\/132758","targetHints":{"allow":["GET"]}}],"collection":[{"href":"https:\/\/www.europesays.com\/es\/wp-json\/wp\/v2\/posts"}],"about":[{"href":"https:\/\/www.europesays.com\/es\/wp-json\/wp\/v2\/types\/post"}],"author":[{"embeddable":true,"href":"https:\/\/www.europesays.com\/es\/wp-json\/wp\/v2\/users\/2"}],"replies":[{"embeddable":true,"href":"https:\/\/www.europesays.com\/es\/wp-json\/wp\/v2\/comments?post=132758"}],"version-history":[{"count":0,"href":"https:\/\/www.europesays.com\/es\/wp-json\/wp\/v2\/posts\/132758\/revisions"}],"wp:featuredmedia":[{"embeddable":true,"href":"https:\/\/www.europesays.com\/es\/wp-json\/wp\/v2\/media\/132759"}],"wp:attachment":[{"href":"https:\/\/www.europesays.com\/es\/wp-json\/wp\/v2\/media?parent=132758"}],"wp:term":[{"taxonomy":"category","embeddable":true,"href":"https:\/\/www.europesays.com\/es\/wp-json\/wp\/v2\/categories?post=132758"},{"taxonomy":"post_tag","embeddable":true,"href":"https:\/\/www.europesays.com\/es\/wp-json\/wp\/v2\/tags?post=132758"}],"curies":[{"name":"wp","href":"https:\/\/api.w.org\/{rel}","templated":true}]}}