{"id":132760,"date":"2025-09-22T23:08:12","date_gmt":"2025-09-22T23:08:12","guid":{"rendered":"https:\/\/www.europesays.com\/es\/132760\/"},"modified":"2025-09-22T23:08:12","modified_gmt":"2025-09-22T23:08:12","slug":"pau-gasol-no-quiere-que-los-lakers-se-enfoquen-en-el-futuro","status":"publish","type":"post","link":"https:\/\/www.europesays.com\/es\/132760\/","title":{"rendered":"Pau Gasol no quiere que los Lakers se enfoquen en el futuro"},"content":{"rendered":"<p class=\"\">Los \u00c1ngeles Lakers comenzar\u00e1n oficialmente su temporada 2025\/26 el pr\u00f3ximo <b>29 de septiembre con el Media Day en las instalaciones del equipo ubicadas en El Segundo<\/b>, y <a href=\"https:\/\/as.com\/baloncesto\/nba\/el-fastuoso-eurobasket-de-doncic-cambia-la-idea-de-los-lakers-n\/\" target=\"_blank\" rel=\"noreferrer nofollow noopener\" title=\"https:\/\/as.com\/baloncesto\/nba\/el-fastuoso-eurobasket-de-doncic-cambia-la-idea-de-los-lakers-n\/\">todos los reflectores estar\u00e1n puestos en <\/a><b>Luka Doncic<\/b>. Este ser\u00e1 el primer a\u00f1o completo del base esloveno con los P\u00farpura y Oro, y tambi\u00e9n marcar\u00e1 la primera ocasi\u00f3n en la que los nuevos refuerzos trabajen junto al resto de sus compa\u00f1eros.<\/p>\n<p class=\"\">De la mano de <b>Luka Doncic<\/b> y <b>LeBron James<\/b> \u2014<a href=\"https:\/\/as.com\/baloncesto\/nba\/la-retirada-esta-cerca-pero-aun-no-ha-llegado-n\/\" target=\"_blank\" rel=\"noreferrer nofollow noopener\" title=\"https:\/\/as.com\/baloncesto\/nba\/la-retirada-esta-cerca-pero-aun-no-ha-llegado-n\/\">quien disputar\u00e1 su temporada n\u00famero 23 en la NBA y posiblemente la \u00faltima con los Lakers<\/a>\u2014, la franquicia angelina buscar\u00e1 dar la gran sorpresa este a\u00f1o. El verdadero potencial del equipo est\u00e1 por descubrirse, ya que varios jugadores de la plantilla actual llegaron con contratos a corto plazo. Por ello, <b>Pau Gasol<\/b>, leyenda de los Lakers, considera que deben enfocarse en ganar desde esta campa\u00f1a y no pensar en el futuro.<\/p>\n<p class=\"\">\u201cSabemos lo que sabemos, \u00bfverdad? Y lo que sabemos es que tienen el equipo que tienen este a\u00f1o y <b>deben enfocarse en esta temporada. Sacar lo mejor de ella<\/b>. Tienen una gran oportunidad: sumaron jugadores importantes, incorporaron a <b>Deandre Ayton<\/b>, un p\u00edvot que seguramente quiere demostrarse a s\u00ed mismo y que ser\u00e1 un gran objetivo para <b>LeBron y Luka<\/b>. As\u00ed que deben concentrarse en eso y dejar que la organizaci\u00f3n y la directiva se encarguen de los pr\u00f3ximos a\u00f1os,\u201d coment\u00f3 Pau Gasol en una entrevista con ESPN.<\/p>\n<p>Rob Pelinka, gerente general de los Lakers, respald\u00f3 la idea<\/p>\n<p class=\"\">\u201c<b>Nos gustan las mejoras que pudimos hacer en la plantilla<\/b>. Pero de ninguna manera vamos a estar satisfechos. Cada a\u00f1o estamos en un ciclo infinito de mejorar este equipo y <b>ganar campeonatos<\/b>, y seguiremos comprometidos con ese trabajo\u201d, dijo Rob Pelinka en una entrevista con \u2018Silver Screen and Roll\u2019.<\/p>\n<p>Noticias relacionadas<a href=\"https:\/\/as.com\/us\/baloncesto\/el-detras-de-camaras-de-la-eleccion-de-vitor-galvani-como-coach-de-capitanes-cdmx-n\/\" class=\"s_m_w\" title=\"La franquicia de la NBA G League comenzar\u00e1 una nueva etapa en la temporada 2025. El brasile\u00f1o ser\u00e1 apenas el segundo coach en la historia del equipo.\" data-tb-link=\"\" rel=\"nofollow noopener\" target=\"_blank\"><img decoding=\"async\" src=\"https:\/\/www.europesays.com\/es\/wp-content\/uploads\/2025\/09\/M6BUILGAUJE5TC5JVKD5SQEHRU.jpg\" alt=\"El \u2018detr\u00e1s de c\u00e1maras\u2019 de la elecci\u00f3n de Vitor Galvani como coach de Capitanes CDMX\" class=\"\" height=\"1\" width=\"1\"   loading=\"lazy\" data-tb-thumbnail=\"\"\/><\/a><a href=\"https:\/\/as.com\/us\/baloncesto\/lebron-james-sobre-luka-doncic-un-autentico-genio-del-juego-n\/\" class=\"s_m_w\" title=\"El futuro miembro del Sal\u00f3n de la Fama de la NBA llen\u00f3 de elogios al base esloveno de cara a su primera temporada completa con los Lakers.\" data-tb-link=\"\" rel=\"nofollow noopener\" target=\"_blank\"><img decoding=\"async\" src=\"https:\/\/www.europesays.com\/es\/wp-content\/uploads\/2025\/09\/1758582492_186_PUG7W353EG4TKGY3LQARM3VNSE.jpg\" alt=\"LeBron James sobre Luka Doncic: \u201cUn aut\u00e9ntico genio del juego\u201d\" class=\"\" height=\"1\" width=\"1\"   loading=\"lazy\" data-tb-thumbnail=\"\"\/><\/a><\/p>\n<p class=\"\">El gerente general de los <b>Lakers<\/b> hizo un gran trabajo en la temporada baja al contratar a jugadores como <b>Marcus Smart, Jake LaRavia y Deandre Ayton<\/b> <a href=\"https:\/\/as.com\/us\/baloncesto\/lebron-james-sobre-luka-doncic-un-autentico-genio-del-juego-n\/\" target=\"_blank\" rel=\"noreferrer nofollow noopener\" title=\"https:\/\/as.com\/us\/baloncesto\/lebron-james-sobre-luka-doncic-un-autentico-genio-del-juego-n\/\">para rodear de la mejor manera a <b>Doncic y James<\/b><\/a>. <b>Rob Pelinka<\/b> lo consigui\u00f3 mediante fichajes de agentes libres y sin utilizar activos en traspasos, algo que le permitir\u00e1 a la franquicia seguir mejorando la plantilla en el futuro durante el tiempo que <b>Luka Doncic<\/b> permanezca en Los \u00c1ngeles.<\/p>\n<p class=\"\"><b>\u00a1Tus opiniones importan!<\/b> Comenta en los art\u00edculos y suscr\u00edbete gratis a nuestra <a href=\"https:\/\/asfan.as.com\/newsletters\/\" target=\"_blank\" rel=\"nofollow noopener\" title=\"https:\/\/asfan.as.com\/newsletters\/\">newsletter<\/a> y a las alertas informativas en la <a href=\"https:\/\/as.com\/aplicacion-de-as-n\/\" target=\"_blank\" rel=\"nofollow noopener\" title=\"https:\/\/as.com\/aplicacion-de-as-n\/\">App<\/a> o el canal de <a href=\"https:\/\/www.whatsapp.com\/channel\/0029VaAasdA7j6g745nz9M10\" target=\"_blank\" rel=\"nofollow noopener\" title=\"https:\/\/www.whatsapp.com\/channel\/0029VaAasdA7j6g745nz9M10\">WhatsApp<\/a>. \u00bfBuscas licenciar contenido? Haz clic <a href=\"https:\/\/profesional.elpais.com\/soluciones-sindicacion?utm_medium=interno&amp;utm_source=crosslinking&amp;utm_campaign=sindicacion_as_pie_articulos\" target=\"_blank\" rel=\"nofollow noopener\" title=\"https:\/\/profesional.elpais.com\/soluciones-sindicacion?utm_medium=interno&amp;utm_source=crosslinking&amp;utm_campaign=sindicacion_as_pie_articulos\">aqu\u00ed<\/a><\/p>\n","protected":false},"excerpt":{"rendered":"Los \u00c1ngeles Lakers comenzar\u00e1n oficialmente su temporada 2025\/26 el pr\u00f3ximo 29 de septiembre con el Media Day en&hellip;\n","protected":false},"author":2,"featured_media":132761,"comment_status":"","ping_status":"","sticky":false,"template":"","format":"standard","meta":{"footnotes":""},"categories":[269],"tags":[299,298,168,25,24,23,167],"class_list":{"0":"post-132760","1":"post","2":"type-post","3":"status-publish","4":"format-standard","5":"has-post-thumbnail","7":"category-baloncesto","8":"tag-baloncesto","9":"tag-basketball","10":"tag-deportes","11":"tag-es","12":"tag-espana","13":"tag-spain","14":"tag-sports"},"share_on_mastodon":{"url":"","error":""},"_links":{"self":[{"href":"https:\/\/www.europesays.com\/es\/wp-json\/wp\/v2\/posts\/132760","targetHints":{"allow":["GET"]}}],"collection":[{"href":"https:\/\/www.europesays.com\/es\/wp-json\/wp\/v2\/posts"}],"about":[{"href":"https:\/\/www.europesays.com\/es\/wp-json\/wp\/v2\/types\/post"}],"author":[{"embeddable":true,"href":"https:\/\/www.europesays.com\/es\/wp-json\/wp\/v2\/users\/2"}],"replies":[{"embeddable":true,"href":"https:\/\/www.europesays.com\/es\/wp-json\/wp\/v2\/comments?post=132760"}],"version-history":[{"count":0,"href":"https:\/\/www.europesays.com\/es\/wp-json\/wp\/v2\/posts\/132760\/revisions"}],"wp:featuredmedia":[{"embeddable":true,"href":"https:\/\/www.europesays.com\/es\/wp-json\/wp\/v2\/media\/132761"}],"wp:attachment":[{"href":"https:\/\/www.europesays.com\/es\/wp-json\/wp\/v2\/media?parent=132760"}],"wp:term":[{"taxonomy":"category","embeddable":true,"href":"https:\/\/www.europesays.com\/es\/wp-json\/wp\/v2\/categories?post=132760"},{"taxonomy":"post_tag","embeddable":true,"href":"https:\/\/www.europesays.com\/es\/wp-json\/wp\/v2\/tags?post=132760"}],"curies":[{"name":"wp","href":"https:\/\/api.w.org\/{rel}","templated":true}]}}